{"id":28973,"date":"2019-04-20T15:14:21","date_gmt":"2019-04-20T19:14:21","guid":{"rendered":"https:\/\/linitiative.ca\/International\/afrique-can-2019-une-preparation-en-france-pour-3-selections-africaines\/"},"modified":"2019-04-20T15:14:21","modified_gmt":"2019-04-20T19:14:21","slug":"afrique-can-2019-une-preparation-en-france-pour-3-selections-africaines","status":"publish","type":"post","link":"https:\/\/linitiative.ca\/International\/afrique-can-2019-une-preparation-en-france-pour-3-selections-africaines\/","title":{"rendered":"Afrique : CAN 2019 : Une pr\u00e9paration en France pour 3 s\u00e9lections africaines"},"content":{"rendered":"<div readability=\"32\">\n<p>Auteur : <span class=\"time\">samedi 20 avril 2019 13:16<\/span><\/p>\n<\/div>\n<div id=\"post_core\" readability=\"50\">\n<p>Trois de ces s\u00e9lections ont d\u00e9j\u00e0 opt\u00e9 pour la France afin d&rsquo;y effectuer des stages et y disputer des matches amicaux. La <strong>C\u00f4te d&rsquo;Ivoire<\/strong> s&rsquo;installera \u00e0 Chantilly, dans l&rsquo;Oise, du 1er au 10\u00a0juin. Les \u00c9l\u00e9phants disputeront un match amical face \u00e0 l&rsquo;Ouganda le 7\u00a0juin, dans un stade qui reste \u00e0 d\u00e9finir comme le souligne L&rsquo;Equipe.<\/p>\n<p>Le <strong>Kenya<\/strong> a quant \u00e0 lui trois options\u00a0: Marcoussis ou Lisses (Essonne), ou \u00e9ventuellement Le Touquet (Pas-de-Calais). Ils y s\u00e9journeront du 30\u00a0mai au 17\u00a0juin, avec au programme deux matches amicaux contre Madagascar le 7\u00a0juin et l&rsquo;Ouganda (14 ou 15\u00a0juin).<\/p>\n<p>Enfin, les <strong>Malgaches<\/strong> prendront leurs quartiers \u00e0 Lisses. En plus du match face aux Kenyans, les Barea iront d\u00e9fier le Luxembourg, le 2\u00a0juin<\/p>\n<p><strong>Publi\u00e9 dans :<\/strong> <span>CAN 2019<\/span><\/p>\n<\/div>\n<p>Auteur:<br \/>\n<a href=\"http:\/\/www.lebuteur.com\/article\/detail?titre=can-2019-une-preparation-en-france-pour-3-selections-africaines&#038;id=88146&#038;utm_source=feedburner&#038;utm_medium=feed&#038;utm_campaign=Feed%3A+GalerieFArtciles+%28Les+derniers+articles++-+lebuteur.com%29\">Cliquez ici pour lire l&rsquo;article depuis sa source.<\/a><\/p>\n","protected":false},"excerpt":{"rendered":"<p>Auteur : samedi 20 avril 2019 13:16 Trois de ces s\u00e9lections ont d\u00e9j\u00e0 opt\u00e9 pour la France afin d&rsquo;y effectuer des stages et y disputer des matches amicaux. La C\u00f4te d&rsquo;Ivoire s&rsquo;installera \u00e0 Chantilly, dans l&rsquo;Oise, du 1er au 10\u00a0juin. Les \u00c9l\u00e9phants disputeront un match amical face \u00e0 l&rsquo;Ouganda le 7\u00a0juin, dans un stade qui [&hellip;]<\/p>\n","protected":false},"author":1738,"featured_media":28974,"comment_status":"closed","ping_status":"closed","sticky":false,"template":"","format":"standard","meta":{"fifu_image_url":"","fifu_image_alt":"","footnotes":""},"categories":[53,75],"tags":[],"class_list":["post-28973","post","type-post","status-publish","format-standard","has-post-thumbnail","hentry","category-algerie","category-sport"],"_links":{"self":[{"href":"https:\/\/linitiative.ca\/International\/wp-json\/wp\/v2\/posts\/28973","targetHints":{"allow":["GET"]}}],"collection":[{"href":"https:\/\/linitiative.ca\/International\/wp-json\/wp\/v2\/posts"}],"about":[{"href":"https:\/\/linitiative.ca\/International\/wp-json\/wp\/v2\/types\/post"}],"author":[{"embeddable":true,"href":"https:\/\/linitiative.ca\/International\/wp-json\/wp\/v2\/users\/1738"}],"replies":[{"embeddable":true,"href":"https:\/\/linitiative.ca\/International\/wp-json\/wp\/v2\/comments?post=28973"}],"version-history":[{"count":0,"href":"https:\/\/linitiative.ca\/International\/wp-json\/wp\/v2\/posts\/28973\/revisions"}],"wp:featuredmedia":[{"embeddable":true,"href":"https:\/\/linitiative.ca\/International\/wp-json\/"}],"wp:attachment":[{"href":"https:\/\/linitiative.ca\/International\/wp-json\/wp\/v2\/media?parent=28973"}],"wp:term":[{"taxonomy":"category","embeddable":true,"href":"https:\/\/linitiative.ca\/International\/wp-json\/wp\/v2\/categories?post=28973"},{"taxonomy":"post_tag","embeddable":true,"href":"https:\/\/linitiative.ca\/International\/wp-json\/wp\/v2\/tags?post=28973"}],"curies":[{"name":"wp","href":"https:\/\/api.w.org\/{rel}","templated":true}]}}