{"id":28975,"date":"2019-04-20T15:14:23","date_gmt":"2019-04-20T19:14:23","guid":{"rendered":"https:\/\/linitiative.ca\/International\/international-barca-valverde-designe-le-meilleur-entraineur-au-monde\/"},"modified":"2019-04-20T15:14:23","modified_gmt":"2019-04-20T19:14:23","slug":"international-barca-valverde-designe-le-meilleur-entraineur-au-monde","status":"publish","type":"post","link":"https:\/\/linitiative.ca\/International\/international-barca-valverde-designe-le-meilleur-entraineur-au-monde\/","title":{"rendered":"International : Bar\u00e7a : Valverde d\u00e9signe le meilleur entraineur au monde"},"content":{"rendered":"<div readability=\"32\">\n<p>Auteur : <span class=\"time\">samedi 20 avril 2019 13:31<\/span><\/p>\n<\/div>\n<div id=\"post_core\" readability=\"51\">\n<p>En conf\u00e9rence de presse, Ernesto Valverde, toujours en course en C1, a d\u00e9fendu Pep Guardiola et le consid\u00e8re toujours comme le meilleur :<\/p>\n<p>\u00ab\u00a0Pour moi, le meilleur entra\u00eeneur est Pep Guardiola, cela ne fait aucun doute. M\u00eame s&rsquo;il a \u00e9t\u00e9 \u00e9limin\u00e9 de la Ligue des champions. Liverpool ?\u00a0L&rsquo;ann\u00e9e derni\u00e8re, ils \u00e9taient en finale. Cette ann\u00e9e, ils se sont bien comport\u00e9s en Europe et ils se battent \u00e9galement pour la Premier League.\u00a0Alors, c&rsquo;est un match tr\u00e8s difficile pour nous mais attrayant pour tout le monde.\u00a0La finale est \u00e0 l&rsquo;horizon et nous ferons tout pour gagner.\u00a0Cela dit, c&rsquo;est bien beau de parler de Liverpool, mais c&rsquo;est encore loin. Nous avons d\u00e9j\u00e0 des matches tr\u00e8s importants en Liga\u00a0\u00bb, a d\u00e9clar\u00e9 l&rsquo;entra\u00eeneur du FC Barcelone comme rapport\u00e9 par Goal.<\/p>\n<p><strong>Publi\u00e9 dans :<\/strong> <span>fc barcelone<\/span><\/p>\n<\/div>\n<p>Auteur:<br \/>\n<a href=\"http:\/\/www.lebuteur.com\/article\/detail?titre=barca-valverde-designe-le-meilleur-entraineur-au-monde&#038;id=88147&#038;utm_source=feedburner&#038;utm_medium=feed&#038;utm_campaign=Feed%3A+GalerieFArtciles+%28Les+derniers+articles++-+lebuteur.com%29\">Cliquez ici pour lire l&rsquo;article depuis sa source.<\/a><\/p>\n","protected":false},"excerpt":{"rendered":"<p>Auteur : samedi 20 avril 2019 13:31 En conf\u00e9rence de presse, Ernesto Valverde, toujours en course en C1, a d\u00e9fendu Pep Guardiola et le consid\u00e8re toujours comme le meilleur : \u00ab\u00a0Pour moi, le meilleur entra\u00eeneur est Pep Guardiola, cela ne fait aucun doute. M\u00eame s&rsquo;il a \u00e9t\u00e9 \u00e9limin\u00e9 de la Ligue des champions. Liverpool ?\u00a0L&rsquo;ann\u00e9e [&hellip;]<\/p>\n","protected":false},"author":1738,"featured_media":28976,"comment_status":"closed","ping_status":"closed","sticky":false,"template":"","format":"standard","meta":{"fifu_image_url":"","fifu_image_alt":"","footnotes":""},"categories":[53,75],"tags":[],"class_list":["post-28975","post","type-post","status-publish","format-standard","has-post-thumbnail","hentry","category-algerie","category-sport"],"_links":{"self":[{"href":"https:\/\/linitiative.ca\/International\/wp-json\/wp\/v2\/posts\/28975","targetHints":{"allow":["GET"]}}],"collection":[{"href":"https:\/\/linitiative.ca\/International\/wp-json\/wp\/v2\/posts"}],"about":[{"href":"https:\/\/linitiative.ca\/International\/wp-json\/wp\/v2\/types\/post"}],"author":[{"embeddable":true,"href":"https:\/\/linitiative.ca\/International\/wp-json\/wp\/v2\/users\/1738"}],"replies":[{"embeddable":true,"href":"https:\/\/linitiative.ca\/International\/wp-json\/wp\/v2\/comments?post=28975"}],"version-history":[{"count":0,"href":"https:\/\/linitiative.ca\/International\/wp-json\/wp\/v2\/posts\/28975\/revisions"}],"wp:featuredmedia":[{"embeddable":true,"href":"https:\/\/linitiative.ca\/International\/wp-json\/"}],"wp:attachment":[{"href":"https:\/\/linitiative.ca\/International\/wp-json\/wp\/v2\/media?parent=28975"}],"wp:term":[{"taxonomy":"category","embeddable":true,"href":"https:\/\/linitiative.ca\/International\/wp-json\/wp\/v2\/categories?post=28975"},{"taxonomy":"post_tag","embeddable":true,"href":"https:\/\/linitiative.ca\/International\/wp-json\/wp\/v2\/tags?post=28975"}],"curies":[{"name":"wp","href":"https:\/\/api.w.org\/{rel}","templated":true}]}}