{"id":28977,"date":"2019-04-20T15:14:25","date_gmt":"2019-04-20T19:14:25","guid":{"rendered":"https:\/\/linitiative.ca\/International\/international-real-zidane-a-des-profils-clairs-en-tete-pour-le-prochain-mercato\/"},"modified":"2019-04-20T15:14:25","modified_gmt":"2019-04-20T19:14:25","slug":"international-real-zidane-a-des-profils-clairs-en-tete-pour-le-prochain-mercato","status":"publish","type":"post","link":"https:\/\/linitiative.ca\/International\/international-real-zidane-a-des-profils-clairs-en-tete-pour-le-prochain-mercato\/","title":{"rendered":"International : Real : Zidane a des profils clairs en t\u00eate pour le prochain mercato"},"content":{"rendered":"<div readability=\"32\">\n<p>Auteur : <span class=\"time\">samedi 20 avril 2019 13:56<\/span><\/p>\n<\/div>\n<div id=\"post_core\" readability=\"52\">\n<p>L&rsquo;entraineur fran\u00e7ais a d\u00e9clar\u00e9 en conf\u00e9rence de presse avoir un aper\u00e7u \u00ab\u00a0clair\u00a0\u00bb des recrues souhait\u00e9es sans pour autant confirm\u00e9 les rumeurs autour de l&rsquo;arriv\u00e9e d&rsquo;un Kylian Mbapp\u00e9 par exemple :<\/p>\n<p>\u00ab\u00a0On a parl\u00e9 de profils de joueurs, \u00e7a c&rsquo;est clair dans ma t\u00eate, c&rsquo;est tout. On verra ce qu&rsquo;on va pouvoir faire\u00a0\u00bb, a-t-il d\u00e9clar\u00e9 \u00e0 la veille d&rsquo;un match sans grand enjeu contre l&rsquo;Athletic Bilbao dimanche en Championnat d&rsquo;Espagne. \u00ab\u00a0En tous les cas, ce qui est s\u00fbr, c&rsquo;est qu&rsquo;il y aura du changement. Mais le changement est forc\u00e9ment obligatoire pour tout le monde\u00a0\u00bb, a-t-il ajout\u00e9 comme rapport\u00e9 par Sport24.<\/p>\n<p>Le Real Madrid est troisi\u00e8me de Liga (61 pts) \u00e0 13 longueurs du leader Barcelone (1er, 74 pts), et n&rsquo;a plus grand-chose \u00e0 craindre ni \u00e0 esp\u00e9rer dans cette comp\u00e9tition.<\/p>\n<p><strong>Publi\u00e9 dans :<\/strong> <span>real madrid<\/span><\/p>\n<\/div>\n<p>Auteur:<br \/>\n<a href=\"http:\/\/www.lebuteur.com\/article\/detail?titre=real-zidane-a-des-profils-clairs-en-tete-pour-le-prochain-mercato&#038;id=88148&#038;utm_source=feedburner&#038;utm_medium=feed&#038;utm_campaign=Feed%3A+GalerieFArtciles+%28Les+derniers+articles++-+lebuteur.com%29\">Cliquez ici pour lire l&rsquo;article depuis sa source.<\/a><\/p>\n","protected":false},"excerpt":{"rendered":"<p>Auteur : samedi 20 avril 2019 13:56 L&rsquo;entraineur fran\u00e7ais a d\u00e9clar\u00e9 en conf\u00e9rence de presse avoir un aper\u00e7u \u00ab\u00a0clair\u00a0\u00bb des recrues souhait\u00e9es sans pour autant confirm\u00e9 les rumeurs autour de l&rsquo;arriv\u00e9e d&rsquo;un Kylian Mbapp\u00e9 par exemple : \u00ab\u00a0On a parl\u00e9 de profils de joueurs, \u00e7a c&rsquo;est clair dans ma t\u00eate, c&rsquo;est tout. On verra ce [&hellip;]<\/p>\n","protected":false},"author":1738,"featured_media":28978,"comment_status":"closed","ping_status":"closed","sticky":false,"template":"","format":"standard","meta":{"fifu_image_url":"","fifu_image_alt":"","footnotes":""},"categories":[53,75],"tags":[],"class_list":["post-28977","post","type-post","status-publish","format-standard","has-post-thumbnail","hentry","category-algerie","category-sport"],"_links":{"self":[{"href":"https:\/\/linitiative.ca\/International\/wp-json\/wp\/v2\/posts\/28977","targetHints":{"allow":["GET"]}}],"collection":[{"href":"https:\/\/linitiative.ca\/International\/wp-json\/wp\/v2\/posts"}],"about":[{"href":"https:\/\/linitiative.ca\/International\/wp-json\/wp\/v2\/types\/post"}],"author":[{"embeddable":true,"href":"https:\/\/linitiative.ca\/International\/wp-json\/wp\/v2\/users\/1738"}],"replies":[{"embeddable":true,"href":"https:\/\/linitiative.ca\/International\/wp-json\/wp\/v2\/comments?post=28977"}],"version-history":[{"count":0,"href":"https:\/\/linitiative.ca\/International\/wp-json\/wp\/v2\/posts\/28977\/revisions"}],"wp:featuredmedia":[{"embeddable":true,"href":"https:\/\/linitiative.ca\/International\/wp-json\/"}],"wp:attachment":[{"href":"https:\/\/linitiative.ca\/International\/wp-json\/wp\/v2\/media?parent=28977"}],"wp:term":[{"taxonomy":"category","embeddable":true,"href":"https:\/\/linitiative.ca\/International\/wp-json\/wp\/v2\/categories?post=28977"},{"taxonomy":"post_tag","embeddable":true,"href":"https:\/\/linitiative.ca\/International\/wp-json\/wp\/v2\/tags?post=28977"}],"curies":[{"name":"wp","href":"https:\/\/api.w.org\/{rel}","templated":true}]}}