{"id":28979,"date":"2019-04-20T15:14:27","date_gmt":"2019-04-20T19:14:27","guid":{"rendered":"https:\/\/linitiative.ca\/International\/international-barca-malcom-sinquiete-dune-arrivee-de-griezmann\/"},"modified":"2019-04-20T15:14:27","modified_gmt":"2019-04-20T19:14:27","slug":"international-barca-malcom-sinquiete-dune-arrivee-de-griezmann","status":"publish","type":"post","link":"https:\/\/linitiative.ca\/International\/international-barca-malcom-sinquiete-dune-arrivee-de-griezmann\/","title":{"rendered":"International : Bar\u00e7a : Malcom s\u2019inqui\u00e8te d\u2019une arriv\u00e9e de Griezmann"},"content":{"rendered":"<div readability=\"32\">\n<p>Auteur : <span class=\"time\">samedi 20 avril 2019 15:40<\/span><\/p>\n<\/div>\n<div id=\"post_core\" readability=\"42\">\n<p>Cela d\u00e9pendra des arriv\u00e9es au prochain mercato estival. Et comme l\u2019indiquent UOL Esporte et Footmercato, le Br\u00e9silien s\u2019inqui\u00e9terait d\u2019une arriv\u00e9e d\u2019Antoine Griezmann, ce qui pourrait le rel\u00e9guer un peu plus loin dans la hi\u00e9rarchie des attaquants barcelonais. Une position que n\u2019accepterait pas Malcom, qui pourrait faire ses valises en cas de transfert du Fran\u00e7ais, alors que son contrat expire en 2023 au Bar\u00e7a. Et il ne lui serait pas compliqu\u00e9 de retrouver un club, puisque son jeune \u00e2ge (22 ans) pourrait lui ouvrir les portes de nombreuses \u00e9curies europ\u00e9ennes.<\/p>\n<p><strong>Publi\u00e9 dans :<\/strong> <span>bar\u00e7a<\/span> <span>Griezmann<\/span> <span>Malcom<\/span><\/p>\n<\/div>\n<p>Auteur:<br \/>\n<a href=\"http:\/\/www.lebuteur.com\/article\/detail?titre=barca-malcom-sinquiete-dune-arrivee-de-griezmann&#038;id=88150&#038;utm_source=feedburner&#038;utm_medium=feed&#038;utm_campaign=Feed%3A+GalerieFArtciles+%28Les+derniers+articles++-+lebuteur.com%29\">Cliquez ici pour lire l&rsquo;article depuis sa source.<\/a><\/p>\n","protected":false},"excerpt":{"rendered":"<p>Auteur : samedi 20 avril 2019 15:40 Cela d\u00e9pendra des arriv\u00e9es au prochain mercato estival. Et comme l\u2019indiquent UOL Esporte et Footmercato, le Br\u00e9silien s\u2019inqui\u00e9terait d\u2019une arriv\u00e9e d\u2019Antoine Griezmann, ce qui pourrait le rel\u00e9guer un peu plus loin dans la hi\u00e9rarchie des attaquants barcelonais. Une position que n\u2019accepterait pas Malcom, qui pourrait faire ses valises [&hellip;]<\/p>\n","protected":false},"author":1738,"featured_media":28980,"comment_status":"closed","ping_status":"closed","sticky":false,"template":"","format":"standard","meta":{"fifu_image_url":"","fifu_image_alt":"","footnotes":""},"categories":[53,75],"tags":[],"class_list":["post-28979","post","type-post","status-publish","format-standard","has-post-thumbnail","hentry","category-algerie","category-sport"],"_links":{"self":[{"href":"https:\/\/linitiative.ca\/International\/wp-json\/wp\/v2\/posts\/28979","targetHints":{"allow":["GET"]}}],"collection":[{"href":"https:\/\/linitiative.ca\/International\/wp-json\/wp\/v2\/posts"}],"about":[{"href":"https:\/\/linitiative.ca\/International\/wp-json\/wp\/v2\/types\/post"}],"author":[{"embeddable":true,"href":"https:\/\/linitiative.ca\/International\/wp-json\/wp\/v2\/users\/1738"}],"replies":[{"embeddable":true,"href":"https:\/\/linitiative.ca\/International\/wp-json\/wp\/v2\/comments?post=28979"}],"version-history":[{"count":0,"href":"https:\/\/linitiative.ca\/International\/wp-json\/wp\/v2\/posts\/28979\/revisions"}],"wp:featuredmedia":[{"embeddable":true,"href":"https:\/\/linitiative.ca\/International\/wp-json\/"}],"wp:attachment":[{"href":"https:\/\/linitiative.ca\/International\/wp-json\/wp\/v2\/media?parent=28979"}],"wp:term":[{"taxonomy":"category","embeddable":true,"href":"https:\/\/linitiative.ca\/International\/wp-json\/wp\/v2\/categories?post=28979"},{"taxonomy":"post_tag","embeddable":true,"href":"https:\/\/linitiative.ca\/International\/wp-json\/wp\/v2\/tags?post=28979"}],"curies":[{"name":"wp","href":"https:\/\/api.w.org\/{rel}","templated":true}]}}