{"id":28982,"date":"2019-04-19T19:00:00","date_gmt":"2019-04-19T23:00:00","guid":{"rendered":"https:\/\/linitiative.ca\/International\/chambres-dagriculture-lever-les-contraintes\/"},"modified":"2019-04-19T19:00:00","modified_gmt":"2019-04-19T23:00:00","slug":"chambres-dagriculture-lever-les-contraintes","status":"publish","type":"post","link":"https:\/\/linitiative.ca\/International\/chambres-dagriculture-lever-les-contraintes\/","title":{"rendered":"Chambres d\u2019Agriculture : Lever les contraintes"},"content":{"rendered":"<p>Le ministre de l\u2019Agriculture, du D\u00e9veloppement rural et de la P\u00eache, Ch\u00e9rif Omari, a promis, jeudi \u00e0 Alger, de veiller \u00e0 la lev\u00e9e des contraintes que rencontrent les agriculteurs et les \u00e9leveurs au niveau national, ainsi que celles qu\u2019affrontent les Chambres d\u2019agriculture des wilayas. Lors d\u2019une r\u00e9union qu\u2019il a pr\u00e9sid\u00e9e avec l\u2019ensemble des pr\u00e9sidents des Chambres d\u2019agriculture du pays, le ministre a tenu \u00e0 entendre chacune de leurs dol\u00e9ances et les soucis qu\u2019ils rencontrent eux-m\u00eames ou les agriculteurs et \u00e9leveurs activant dans leurs wilayas respectives, et ce dans un ambiance sans filtre fortement encourag\u00e9e par M.\u2008Omari.\u00a0<\/p>\n<p>Selon lui, une telle rencontre est idoine en vue d\u2019assurer la s\u00e9curit\u00e9 alimentaire et le d\u00e9veloppement des r\u00e9gions rurales ainsi que le secteur forestier et ceux, \u00abtout aussi pr\u00e9cieux pour l\u2019\u00e9conomie nationale\u00bb, de la p\u00eache et de l\u2019aquaculture, notamment dans un contexte \u00absensible de transition vers une Alg\u00e9rie meilleure\u00bb. La Chambre d\u2019agriculture a d\u2019importantes missions dans l\u2019encadrement des agriculteurs, \u00e9leveurs et p\u00eacheurs et leur formation, ainsi que dans l\u2019\u00e9l\u00e9vation du niveau et la qualit\u00e9 de la production agricole, aquacole, et foresti\u00e8re nationales. Le ministre a, de m\u00eame, estim\u00e9 que des efforts pertinemment consentis par les repr\u00e9sentants des Chambres de wilaya peuvent grandement int\u00e9resser des investisseurs parmi les jeunes g\u00e9n\u00e9rations \u00e0 des niveaux locaux. Il s\u2019agit, notamment des fils et filles des agriculteurs qui pourront ainsi reprendre les branches d\u2019activit\u00e9 agricoles familiales. M. Omari a aussi mis un point d\u2019honneur \u00e0 ce que la femme soit int\u00e9gr\u00e9e dans le confortement de l\u2019\u00e9conomie nationale \u00e0 travers le secteur de l\u2019Agriculture et ses diverses branches d\u2019activit\u00e9, notamment l\u2019apport pouvant \u00eatre pr\u00e9cieux de la femme rurale. \u00abL\u2019Alg\u00e9rie dispose de potentialit\u00e9s humaines et naturelles, et qu\u2019il est amplement possible de mobiliser les agriculteurs et \u00e9leveurs au profit d\u2019une consommation large et suffisante des produits alimentaires agricoles autant qu\u2019il est possible de r\u00e9guler les march\u00e9s nationaux et pr\u00e9tendre \u00e0 l\u2019exportation\u00bb, a-t-il affirm\u00e9. Mais il reste que les Chambres d\u2019agriculture font face \u00e0 nombre de contraintes, pour certaines partag\u00e9es par la majorit\u00e9 d\u2019entre elles, tandis que d\u2019autres sont sp\u00e9cifiques \u00e0 certaines chambres de wilaya eu \u00e9gard \u00e0 la sp\u00e9cificit\u00e9 du volet agricole de l\u2019espace territoriale qu\u2019elle repr\u00e9sentent, \u00abd\u2019o\u00f9 la n\u00e9cessit\u00e9 de la tenue de cette rencontre\u00bb, explique le ministre. Dans ce sens, il a insist\u00e9 pour que les pr\u00e9sidents des Chambres d\u2019agricultures pr\u00e9sentent autant les contraintes que les propositions qu\u2019ils estimeraient \u00e0 m\u00eame de lever ces entraves au d\u00e9veloppement serin de ce secteur et mettre enfin un terme \u00e0 l\u2019importation des produits alimentaires. Il a, \u00e0 cet effet, cit\u00e9 quelques exemples des retomb\u00e9es qui peuvent \u00eatre attendus d\u2019un effort conjoint des services du gouvernement qui, en limitant l\u2019importation de la pomme, ont permis un \u00e9norme essor de la culture de ce produit dans le pays, si bien qu\u2019il lui a \u00e9t\u00e9 demand\u00e9 par la pr\u00e9sence d\u2019instaurer \u00abune f\u00eate nationale de la pomme\u00bb, une proposition qui a trouv\u00e9 plein \u00e9cho chez le ministre. Il a de m\u00eame \u00e9t\u00e9 \u00e9voqu\u00e9 devant le ministre la n\u00e9cessit\u00e9 de revoir l\u2019organisation et les lois r\u00e9gissant les Chambres d\u2019agriculture en interne et l\u2019importance d\u2019\u00e9tendre leurs pr\u00e9rogatives en externe, notamment \u00e0 travers une collaboration meilleure avec les collectivit\u00e9s locales et les directions des services agricoles de wilayas.\u00a0<\/p>\n<p>\u00c0 ce propos, M. Omari a relev\u00e9 l\u2019importance des administrations de travailler avec les Chambres d\u2019agriculture qui doivent \u00eatre consult\u00e9es avant la prise de d\u00e9cisions. M. Omari a \u00e9galement not\u00e9 qu\u2019il est important de rapidement se pencher sur des sujets importants tels ceux de l\u2019exploitation du foncier agricole, la rationalisation des eaux d\u2019irrigation et l\u2019encouragement des fili\u00e8res importantes entre autres priorit\u00e9s.<\/p>\n<p>En outre, des sujets tels l\u2019encadrement des \u00e8res de broutage et le syst\u00e8me des subventions octroy\u00e9es aux agriculteurs et qui ne sont pas exempt\u00e9es d\u2019imposition ont aussi \u00e9t\u00e9 soulev\u00e9s par les pr\u00e9sidents. Le ministre a promis d\u2019y veiller personnellement \u00e0 la lev\u00e9e de ces contraintes, \u00abpour le bien du secteur et du citoyen alg\u00e9rien\u00bb, et de travailler en toute \u00abtransparence\u00bb avec les diff\u00e9rents acteurs qui ont aussi ce souci de mener \u00e0 bien, et en toute honn\u00eatet\u00e9, les missions qui lui ont \u00e9t\u00e9 confi\u00e9es.\u00a0<\/p>\n<p>Auteur: elmoudjahid<br \/>\n<a href=\"http:\/\/www.elmoudjahid.com\/fr\/actualites\/135996\">Cliquez ici pour lire l&rsquo;article depuis sa source.<\/a><\/p>\n","protected":false},"excerpt":{"rendered":"<p>Le ministre de l\u2019Agriculture, du D\u00e9veloppement rural et de la P\u00eache, Ch\u00e9rif Omari, a promis, jeudi \u00e0 Alger, de veiller \u00e0 la lev\u00e9e des contraintes que rencontrent les agriculteurs et les \u00e9leveurs au niveau national, ainsi que celles qu\u2019affrontent les Chambres d\u2019agriculture des wilayas. Lors d\u2019une r\u00e9union qu\u2019il a pr\u00e9sid\u00e9e avec l\u2019ensemble des pr\u00e9sidents des [&hellip;]<\/p>\n","protected":false},"author":1744,"featured_media":0,"comment_status":"closed","ping_status":"closed","sticky":false,"template":"","format":"standard","meta":{"fifu_image_url":"","fifu_image_alt":"","footnotes":""},"categories":[73,53],"tags":[],"class_list":["post-28982","post","type-post","status-publish","format-standard","hentry","category-actualite","category-algerie"],"_links":{"self":[{"href":"https:\/\/linitiative.ca\/International\/wp-json\/wp\/v2\/posts\/28982","targetHints":{"allow":["GET"]}}],"collection":[{"href":"https:\/\/linitiative.ca\/International\/wp-json\/wp\/v2\/posts"}],"about":[{"href":"https:\/\/linitiative.ca\/International\/wp-json\/wp\/v2\/types\/post"}],"author":[{"embeddable":true,"href":"https:\/\/linitiative.ca\/International\/wp-json\/wp\/v2\/users\/1744"}],"replies":[{"embeddable":true,"href":"https:\/\/linitiative.ca\/International\/wp-json\/wp\/v2\/comments?post=28982"}],"version-history":[{"count":0,"href":"https:\/\/linitiative.ca\/International\/wp-json\/wp\/v2\/posts\/28982\/revisions"}],"wp:attachment":[{"href":"https:\/\/linitiative.ca\/International\/wp-json\/wp\/v2\/media?parent=28982"}],"wp:term":[{"taxonomy":"category","embeddable":true,"href":"https:\/\/linitiative.ca\/International\/wp-json\/wp\/v2\/categories?post=28982"},{"taxonomy":"post_tag","embeddable":true,"href":"https:\/\/linitiative.ca\/International\/wp-json\/wp\/v2\/tags?post=28982"}],"curies":[{"name":"wp","href":"https:\/\/api.w.org\/{rel}","templated":true}]}}