{"id":28984,"date":"2019-04-19T19:00:00","date_gmt":"2019-04-19T23:00:00","guid":{"rendered":"https:\/\/linitiative.ca\/International\/cooperation-algero-belge-dans-le-domaine-de-lenvironnement-un-impact-concret-et-probant\/"},"modified":"2019-04-19T19:00:00","modified_gmt":"2019-04-19T23:00:00","slug":"cooperation-algero-belge-dans-le-domaine-de-lenvironnement-un-impact-concret-et-probant","status":"publish","type":"post","link":"https:\/\/linitiative.ca\/International\/cooperation-algero-belge-dans-le-domaine-de-lenvironnement-un-impact-concret-et-probant\/","title":{"rendered":"Coop\u00e9ration Alg\u00e9ro-Belge  dans le domaine de l\u2019environnement :   Un impact concret et probant"},"content":{"rendered":"<p>La ministre de l\u2019Environnement et des \u00c9nergies renouvelables, Mme Fatma-Zohra Zerouati, a pr\u00e9sid\u00e9, jeudi, les travaux du s\u00e9minaire de cl\u00f4ture de projet\u00a0 de renforcement des capacit\u00e9s dans le domaine de l\u2019environnement (PRCDE), lanc\u00e9 en mars 2016. Un projet pilot\u00e9 par six d\u00e9partements minist\u00e9riels, en partenariat avec l\u2019Agence belge de d\u00e9veloppement (ENABEL).<\/p>\n<p>Ce s\u00e9minaire, qui s\u2019est tenu \u00e0 Alger, a vu la pr\u00e9sence de\u00a0 plusieurs responsables et cadres de diff\u00e9rents secteurs, notamment ceux de la Sant\u00e9, des Transports et des Ressources en eau, ainsi que la repr\u00e9sentation diplomatique de l\u2019ambassade de Belgique. Mme Zerouati a fait savoir que le projet de coop\u00e9ration a eu un impact r\u00e9el et concret sur l\u2019int\u00e9gration de la probl\u00e9matique environnementale dans la mise en \u0153uvre des politiques sectorielles et sur l\u2019implication de la soci\u00e9t\u00e9 civile. \u00abCet important projet a permis de consolider la transversalit\u00e9 de la question environnementale, \u00e0 travers des activit\u00e9s ayant concern\u00e9 trois secteurs que sont l\u2019Eau, la Sant\u00e9 et les Transports\u00bb, a indiqu\u00e9 la ministre. Elle a affirm\u00e9 que ce partenariat a permis l\u2019\u00e9laboration du Rapport national sur l\u2019\u00e9tat et l\u2019avenir de l\u2019environnement (RNE 2018), mais a surtout int\u00e9gr\u00e9 davantage la probl\u00e9matique environnementale dans les actions du mouvement associatif. Elle a indiqu\u00e9 que le projet a permis, dans le secteur de la Sant\u00e9, l\u2019appui \u00e0 l\u2019\u00e9laboration du plan national d\u2019actions conjointes Sant\u00e9-Environnement, ainsi que la r\u00e9alisation d\u2019une \u00e9tude pour la gestion des effluents liquides des \u00e9tablissements de sant\u00e9 et l\u2019\u00e9laboration d\u2019un plan national de s\u00e9curit\u00e9 sanitaire des aliments. Ce projet a soutenu la mise en place de l\u2019unit\u00e9 environnementale \u00e0 l\u2019Institut Pasteur d\u2019Alger, et appuy\u00e9, en outre, l\u2019Institut national de la sant\u00e9 publique, pour la mise en place d\u2019un r\u00e9seau de surveillance des pollens. \u00c9voquant le secteur des Ressources en eau, la ministre dit que le projet a permis d\u2019actualiser le plan national de l\u2019Eau, r\u00e9alis\u00e9 par l\u2019Agence de gestion int\u00e9gr\u00e9e des ressources en eau, et d\u2019assurer l\u2019appui p\u00e9dagogique et technique, en partenariat avec la soci\u00e9t\u00e9 Wallon des eaux, l\u2019Institut national de perfectionnement et \u00e9quipement et le Centre national de la formation sur les m\u00e9tiers de l\u2019eau, de l\u2019Alg\u00e9rienne des eaux. Par ailleurs, et pour ce qui concerne le secteur des Transports, on apprend qu\u2019une \u00e9tude d\u2019avant-projet sommaire de la ligne Bus \u00e0 Haut niveau de service (BHNS) a \u00e9t\u00e9 r\u00e9alis\u00e9e, ainsi\u00a0 que l\u2019\u00e9laboration d\u2019une \u00e9tude de faisabilit\u00e9 pour la r\u00e9alisation de sa ligne Alger-Est.<\/p>\n<p>En outre, une \u00e9tude pour la mise en place d\u2019un syst\u00e8me billettique interop\u00e9rable a \u00e9t\u00e9 \u00e9labor\u00e9e, de m\u00eame que l\u2019actualisation du plan de d\u00e9placement urbain de l\u2019Alg\u00e9rois, l\u2019\u00e9laboration du plan d\u2019action englobant environnement, travaux publics et transports, et la cr\u00e9ation d\u2019une cellule environnementale au sein du minist\u00e8re des Travaux publics et des Transports.<\/p>\n<p>Sur le volet \u00absoci\u00e9t\u00e9 civile\u00bb, le projet a permis, selon Mme Zerouati, la r\u00e9alisation de dix-sept projets port\u00e9s par des associations sur diff\u00e9rents domaines, tels que la gestion des d\u00e9chets, la gestion des ressources en eau, la sensibilisation, l\u2019\u00e9ducation et la communication environnementales, l\u2019entrepreneuriat et la gestion environnementale durable dans les villages. \u00abCes associations ont \u00e9galement b\u00e9n\u00e9fici\u00e9 d\u2019un renforcement de leurs capacit\u00e9s dans le domaine de la pr\u00e9servation de l\u2019environnement \u00bb, a-t-elle dit, avant d\u2019ajouter que dans ce cadre vingt-trois voyages d\u2019\u00e9tudes\u00a0 ont \u00e9t\u00e9 organis\u00e9s au profit de 158 personnes, alors que\u00a0 300 autres participants\u00a0 ont b\u00e9n\u00e9fici\u00e9 d\u2019un programme de formation. \u00abEn plus du renforcement du dialogue intersectoriel et du partage des bonnes pratiques des secteurs en termes d\u2019int\u00e9gration de l\u2019environnement, ce programme a encourag\u00e9 l\u2019implication concr\u00e8te des organisations de la soci\u00e9t\u00e9 civile dans des actions d\u2019information, d\u2019\u00e9ducation et de communication sur la question environnementales\u00bb, s\u2019est-elle r\u00e9jouie. Par ailleurs, la ministre a annonc\u00e9 que son d\u00e9partement \u0153uvrera, avec l\u2019ensemble des acteurs institutionnels et ceux de la soci\u00e9t\u00e9 civile, pour la mise en place d\u2019un deuxi\u00e8me programme de renforcement des capacit\u00e9s dans le domaine de l\u2019environnement.\u00a0 \u00a0 \u00a0 \u00a0 \u00a0 \u00a0<\/p>\n<p>De son c\u00f4t\u00e9, l\u2019ambassadeur du royaume de Belgique en Alg\u00e9rie, M. Pierre Gillon, s\u2019est r\u00e9joui de \u00abla qualit\u00e9 des relations de coop\u00e9ration entre les deux pays, datant de 50 ans\u00bb, en appelant \u00e0 les renforcer davantage, surtout que\u00a0 les domaines de coop\u00e9ration sont multiples et les potentialit\u00e9s nombreuses. Le diplomate a rappel\u00e9, \u00e0 cette occasion,\u00a0 qu\u2019en 2018, la Belgique s\u2019est class\u00e9e 12e client de l\u2019Alg\u00e9rie, avec 1,22 milliard de dollars (+33%) d\u2019exportations alg\u00e9riennes vers ce pays, et 15e fournisseur, avec 617 millions de dollars d\u2019exportations belges (+3%). Il y a lieu de noter que le PRCDE, qui vient appuyer la politique du gouvernement alg\u00e9rien, a investi de mani\u00e8re significative depuis\u00a0 l\u2019ann\u00e9e 2000, dans la protection de l\u2019environnement. Un programme financ\u00e9 par la Belgique \u00e0 hauteur de 7,5 millions d\u2019euros.\u00a0<\/p>\n<p>Sarah A. Benali Cherif<\/p>\n<p>Auteur: elmoudjahid<br \/>\n<a href=\"http:\/\/www.elmoudjahid.com\/fr\/actualites\/135998\">Cliquez ici pour lire l&rsquo;article depuis sa source.<\/a><\/p>\n","protected":false},"excerpt":{"rendered":"<p>La ministre de l\u2019Environnement et des \u00c9nergies renouvelables, Mme Fatma-Zohra Zerouati, a pr\u00e9sid\u00e9, jeudi, les travaux du s\u00e9minaire de cl\u00f4ture de projet\u00a0 de renforcement des capacit\u00e9s dans le domaine de l\u2019environnement (PRCDE), lanc\u00e9 en mars 2016. Un projet pilot\u00e9 par six d\u00e9partements minist\u00e9riels, en partenariat avec l\u2019Agence belge de d\u00e9veloppement (ENABEL). Ce s\u00e9minaire, qui s\u2019est [&hellip;]<\/p>\n","protected":false},"author":1744,"featured_media":0,"comment_status":"closed","ping_status":"closed","sticky":false,"template":"","format":"standard","meta":{"fifu_image_url":"","fifu_image_alt":"","footnotes":""},"categories":[73,53],"tags":[],"class_list":["post-28984","post","type-post","status-publish","format-standard","hentry","category-actualite","category-algerie"],"_links":{"self":[{"href":"https:\/\/linitiative.ca\/International\/wp-json\/wp\/v2\/posts\/28984","targetHints":{"allow":["GET"]}}],"collection":[{"href":"https:\/\/linitiative.ca\/International\/wp-json\/wp\/v2\/posts"}],"about":[{"href":"https:\/\/linitiative.ca\/International\/wp-json\/wp\/v2\/types\/post"}],"author":[{"embeddable":true,"href":"https:\/\/linitiative.ca\/International\/wp-json\/wp\/v2\/users\/1744"}],"replies":[{"embeddable":true,"href":"https:\/\/linitiative.ca\/International\/wp-json\/wp\/v2\/comments?post=28984"}],"version-history":[{"count":0,"href":"https:\/\/linitiative.ca\/International\/wp-json\/wp\/v2\/posts\/28984\/revisions"}],"wp:attachment":[{"href":"https:\/\/linitiative.ca\/International\/wp-json\/wp\/v2\/media?parent=28984"}],"wp:term":[{"taxonomy":"category","embeddable":true,"href":"https:\/\/linitiative.ca\/International\/wp-json\/wp\/v2\/categories?post=28984"},{"taxonomy":"post_tag","embeddable":true,"href":"https:\/\/linitiative.ca\/International\/wp-json\/wp\/v2\/tags?post=28984"}],"curies":[{"name":"wp","href":"https:\/\/api.w.org\/{rel}","templated":true}]}}