{"id":28985,"date":"2019-04-19T19:00:00","date_gmt":"2019-04-19T23:00:00","guid":{"rendered":"https:\/\/linitiative.ca\/International\/greffe-hepatique-pediatrique-29-enfants-transferes-a-letranger-depuis-2015\/"},"modified":"2019-04-19T19:00:00","modified_gmt":"2019-04-19T23:00:00","slug":"greffe-hepatique-pediatrique-29-enfants-transferes-a-letranger-depuis-2015","status":"publish","type":"post","link":"https:\/\/linitiative.ca\/International\/greffe-hepatique-pediatrique-29-enfants-transferes-a-letranger-depuis-2015\/","title":{"rendered":"Greffe h\u00e9patique p\u00e9diatrique :  29 enfants transf\u00e9r\u00e9s  \u00e0 l\u2019\u00e9tranger depuis 2015"},"content":{"rendered":"<p>R\u00e9fl\u00e9chir sur les m\u00e9canismes susceptibles de d\u00e9velopper la greffe du foie chez les enfants en Alg\u00e9rie. Une op\u00e9ration qui demeure parmi les pathologies n\u00e9cessitant un transfert \u00e0 l\u2019\u00e9tranger. Tel est l\u2019objectif assign\u00e9, \u00e0 travers l\u2019organisation, jeudi, du 1er s\u00e9minaire national sur la greffe h\u00e9patique p\u00e9diatrique, dont les travaux d\u2019ouverture ont \u00e9t\u00e9 pr\u00e9sid\u00e9s par les ministres du Travail, de l\u2019Emploi et de la S\u00e9curit\u00e9 sociale, et de la Sant\u00e9, de la Population et de la R\u00e9forme hospitali\u00e8re, respectivement MM. Hassan Tidjani Haddam et Mohamed Miraoui.<\/p>\n<p>Le ministre du Travail a mis l\u2019accent sur l\u2019importance de ce s\u00e9minaire qui s\u2019inscrit dans le cadre de la concr\u00e9tisation d\u2019un travail de coop\u00e9ration entre les secteurs de la Sant\u00e9 et de la S\u00e9curit\u00e9 sociale au profit des citoyens assur\u00e9s sociaux et ayants droit, notamment pour ce qui est des pathologies lourdes n\u00e9cessitant un transfert \u00e0 l\u2019\u00e9tranger. Il a annonc\u00e9 l\u2019\u00e9laboration en cours d\u2019un programme visant l\u2019optimalisation de la prise en charge des enfants atteints d\u2019insuffisance h\u00e9patique.<\/p>\n<p>Ce programme vise, dans une premi\u00e8re \u00e9tape, la pr\u00e9paration du patient en Alg\u00e9rie pendant deux mois avant son transfert \u00e0 l\u2019\u00e9tranger pour effectuer cette intervention, et aussi une meilleure ma\u00eetrise de l\u2019\u00e9tape post-op\u00e9ratoire, pour r\u00e9duire la dur\u00e9e de s\u00e9jour des patients.<\/p>\n<p>\u00abCette mesure, qui tend vers la rationalisation des d\u00e9penses, vise \u00e0 ma\u00eetriser les diff\u00e9rentes \u00e9tapes li\u00e9es \u00e0 cette intervention, pour sa r\u00e9alisation \u00e0 long terme en Alg\u00e9rie\u00bb, a expliqu\u00e9 le ministre, qui souligne l\u2019int\u00e9r\u00eat du transfert des technologies en mati\u00e8re de greffe h\u00e9patique p\u00e9diatrique, qui demeure, selon ses termes, \u00able grand pourvoyeur de transfert des malades \u00e0 l\u2019\u00e9tranger\u00bb.<\/p>\n<p>M. Tidjani Haddam a indiqu\u00e9 que la s\u00e9curit\u00e9 sociale avait assur\u00e9, entre 2015 et 2018, le transfert de 29 enfants, pour effectuer la greffe h\u00e9patique, citant par ailleurs d\u2019autres cas comme les malformations art\u00e8re-veineuses, les cardiopathies cong\u00e9nitales complexes et les cardiopathies adultes complexes.<\/p>\n<p>Le ministre a rappel\u00e9 la mise en place, depuis des ann\u00e9es, d\u2019une strat\u00e9gie pour le syst\u00e8me de s\u00e9curit\u00e9 sociale, permettant la r\u00e9duction des nombre des patients transf\u00e9r\u00e9s \u00e0 l\u2019\u00e9tranger, en assurant une meilleure ma\u00eetrise de soins pour diff\u00e9rentes pathologies en Alg\u00e9rie et la prise en charge de ces cas par des comp\u00e9tences alg\u00e9riennes.<\/p>\n<p><strong>R\u00e9duction de 90% des transferts \u00e0 l\u2019\u00e9tranger durant ces dix derni\u00e8res ann\u00e9es<\/strong><\/p>\n<p>\u00abGr\u00e2ce \u00e0 cette strat\u00e9gie, le nombre des patients transf\u00e9r\u00e9s \u00e0 l\u2019\u00e9tranger pour des soins a diminu\u00e9 de 90%, durant les dix derni\u00e8res ann\u00e9es\u00bb, a fait savoir le premier responsable du secteur de la S\u00e9curit\u00e9 sociale, ajoutant que\u00a0 \u00a0son d\u00e9partement \u0153uvre \u00e0 assurer une meilleure couverture sociale et des prestations sanitaires de qualit\u00e9 au profit des citoyens, et ce en collaboration avec le secteur de la sant\u00e9 publique.<\/p>\n<p>Pour preuve, dit M. Haddam, la S\u00e9curit\u00e9 sociale contribue \u00e0 la gratuit\u00e9 des soins, \u00e0 travers \u00able forfait h\u00f4pitaux, dont le montant s\u2019\u00e9l\u00e8ve, cette ann\u00e9e, \u00e0 88 milliards DA\u00bb.<\/p>\n<p>Il a, par ailleurs, relev\u00e9 l\u2019importance de cette journ\u00e9e organis\u00e9e conjointement entre la S\u00e9curit\u00e9 sociale et l\u2019Agence nationale des greffes, qui se tient en pr\u00e9lude \u00e0 un s\u00e9minaire international pr\u00e9vu en septembre prochain \u00e0 Alger.\u00a0<\/p>\n<p>Pour sa part, le ministre de la Sant\u00e9 a soulign\u00e9 l\u2019importance de la coop\u00e9ration entre les secteurs de la Sant\u00e9 et de la S\u00e9curit\u00e9 sociale avec un h\u00f4pital belge, notamment pour le transfert des technologies et la formation des sp\u00e9cialistes, pour une meilleure ma\u00eetrise de ce genre d\u2019op\u00e9ration.<\/p>\n<p>Intervenant \u00e0 son tour, M. Mohamed Miraoui a soulign\u00e9 l\u2019int\u00e9r\u00eat accord\u00e9 par son secteur au dossier de la greffe en g\u00e9n\u00e9ral et celui\u00a0 la greffe h\u00e9patique p\u00e9diatrique en particulier.<\/p>\n<p>\u00abTout \u00e7a, c\u2019est pour optimiser la prise en charge des nos malades. Nous essayerons d\u2019apporter tout notre soutien pour garantir la r\u00e9ussite de cette coop\u00e9ration au profit des citoyens alg\u00e9riens\u00bb, a-t-il pr\u00e9cis\u00e9, avant de poursuivre que \u00abcette journ\u00e9e est une \u00e9tape d\u2019\u00e9valuation qui va nous permettre de mettre en place une strat\u00e9gie\u00a0 ad\u00e9quate pour d\u00e9velopper la greffe h\u00e9patique p\u00e9diatrique en Alg\u00e9rie\u00bb.<\/p>\n<p>M. Miraoui a, dans ce sens, soulign\u00e9 l\u2019int\u00e9r\u00eat du transfert de technologies pour renforcer les capacit\u00e9s des praticiens pour une meilleure ma\u00eetrise par rapport \u00e0 la greffe h\u00e9patique chez l\u2019enfant.<\/p>\n<p>\u00a0De son c\u00f4t\u00e9, Pr Tahar Rayane, pr\u00e9sident du comit\u00e9 scientifique de l\u2019Agence nationale des greffes, a indiqu\u00e9 que cette journ\u00e9e a \u00e9t\u00e9 initi\u00e9e pour r\u00e9fl\u00e9chir \u00e0 une question importante comme la greffe h\u00e9patique chez l\u2019enfant. \u00abC\u2019est vrai que c\u2019est un probl\u00e8me, la greffe h\u00e9patique se fait en Alg\u00e9rie depuis une dizaine d\u2019ann\u00e9es, mais seulement chez l\u2019adulte\u00bb, a not\u00e9 le chef de service n\u00e9phrologie et dialyse \u00e0 l\u2019h\u00f4pital Parnet, d\u2019Hussein Dey, ajoutant que \u00abpour le cas des enfants, ils sont transf\u00e9r\u00e9s \u00e0 l\u2019\u00e9trangers, notamment en Belgique\u00bb.<\/p>\n<p>Selon lui, en Alg\u00e9rie, les \u00e9quipes chirurgicales sont accompagn\u00e9es par des \u00e9quipes \u00e9trang\u00e8res, pr\u00e9cisant que \u00abjusqu\u2019\u00e0 maintenant, le transfert technologique ne s\u2019est pas encore fait\u00bb.\u00a0 \u00abLa greffe h\u00e9patique chez l\u2019adulte a bel et bien d\u00e9marr\u00e9 en Alg\u00e9rie depuis plus d\u2019une dizaine d\u2019ann\u00e9es, pourquoi pas pour la p\u00e9diatrique ?\u00bb s\u2019est interrog\u00e9 le sp\u00e9cialiste, ajoutant qu\u2019on doit la d\u00e9velopper, pour ne pas continuer \u00e0 envoyer nos enfants \u00e0 l\u2019\u00e9trangers. Le Pr Rayane a relev\u00e9, de ce fait, la n\u00e9cessit\u00e9 de r\u00e9fl\u00e9chir davantage \u00e0 d\u00e9velopper la greffe h\u00e9patique p\u00e9diatrique en Alg\u00e9rie, \u00abcomme c\u2019est le cas de la transplantation r\u00e9nale qui est devenue une intervention routini\u00e8re\u00bb, pr\u00e9cisant que 14 centres hospitaliers la pratiquent actuellement, ce qui a permis de r\u00e9aliser quelque 268 greffes r\u00e9nales en 2018.<\/p>\n<p><strong>Kam\u00e9lia Hadjib<\/strong><\/p>\n<p>Auteur: elmoudjahid<br \/>\n<a href=\"http:\/\/www.elmoudjahid.com\/fr\/actualites\/135999\">Cliquez ici pour lire l&rsquo;article depuis sa source.<\/a><\/p>\n","protected":false},"excerpt":{"rendered":"<p>R\u00e9fl\u00e9chir sur les m\u00e9canismes susceptibles de d\u00e9velopper la greffe du foie chez les enfants en Alg\u00e9rie. Une op\u00e9ration qui demeure parmi les pathologies n\u00e9cessitant un transfert \u00e0 l\u2019\u00e9tranger. Tel est l\u2019objectif assign\u00e9, \u00e0 travers l\u2019organisation, jeudi, du 1er s\u00e9minaire national sur la greffe h\u00e9patique p\u00e9diatrique, dont les travaux d\u2019ouverture ont \u00e9t\u00e9 pr\u00e9sid\u00e9s par les ministres [&hellip;]<\/p>\n","protected":false},"author":1744,"featured_media":0,"comment_status":"closed","ping_status":"closed","sticky":false,"template":"","format":"standard","meta":{"fifu_image_url":"","fifu_image_alt":"","footnotes":""},"categories":[73,53],"tags":[],"class_list":["post-28985","post","type-post","status-publish","format-standard","hentry","category-actualite","category-algerie"],"_links":{"self":[{"href":"https:\/\/linitiative.ca\/International\/wp-json\/wp\/v2\/posts\/28985","targetHints":{"allow":["GET"]}}],"collection":[{"href":"https:\/\/linitiative.ca\/International\/wp-json\/wp\/v2\/posts"}],"about":[{"href":"https:\/\/linitiative.ca\/International\/wp-json\/wp\/v2\/types\/post"}],"author":[{"embeddable":true,"href":"https:\/\/linitiative.ca\/International\/wp-json\/wp\/v2\/users\/1744"}],"replies":[{"embeddable":true,"href":"https:\/\/linitiative.ca\/International\/wp-json\/wp\/v2\/comments?post=28985"}],"version-history":[{"count":0,"href":"https:\/\/linitiative.ca\/International\/wp-json\/wp\/v2\/posts\/28985\/revisions"}],"wp:attachment":[{"href":"https:\/\/linitiative.ca\/International\/wp-json\/wp\/v2\/media?parent=28985"}],"wp:term":[{"taxonomy":"category","embeddable":true,"href":"https:\/\/linitiative.ca\/International\/wp-json\/wp\/v2\/categories?post=28985"},{"taxonomy":"post_tag","embeddable":true,"href":"https:\/\/linitiative.ca\/International\/wp-json\/wp\/v2\/tags?post=28985"}],"curies":[{"name":"wp","href":"https:\/\/api.w.org\/{rel}","templated":true}]}}