{"id":28987,"date":"2019-04-19T19:00:00","date_gmt":"2019-04-19T23:00:00","guid":{"rendered":"https:\/\/linitiative.ca\/International\/independance-de-la-justice-les-avocats-ne-veulent-pas-en-demordre\/"},"modified":"2019-04-19T19:00:00","modified_gmt":"2019-04-19T23:00:00","slug":"independance-de-la-justice-les-avocats-ne-veulent-pas-en-demordre","status":"publish","type":"post","link":"https:\/\/linitiative.ca\/International\/independance-de-la-justice-les-avocats-ne-veulent-pas-en-demordre\/","title":{"rendered":"ind\u00e9pendance de la justice  :  Les avocats ne veulent pas en d\u00e9mordre"},"content":{"rendered":"<p>Des centaines d\u2019avocats \u00e0 travers le pays sont sortis en cette fin de semaine dans la rue,\u00a0 pour appeler \u00e0 \u00abl\u2019ind\u00e9pendance de la justice\u00bb et au \u00abrespect de la souverainet\u00e9 du peuple\u00bb, rapporte l\u2019agence presse service.<\/p>\n<div readability=\"91\">\n<p>Dans plusieurs wilayas du centre, les robes noires ont tenu des rassemblements, des marches et des sit-in. Des manifestations dont le d\u00e9nominateur commun \u00e9tait l\u2019exigence\u00a0 du \u00abchangement du syst\u00e8me de gouvernance\u00bb. Au lendemain de nouveaux et longs cort\u00e8ges qui se sont form\u00e9s \u00e0 travers le pays par les \u00e9tudiants des diff\u00e9rentes universit\u00e9s, les avocats de plusieurs wilayas, notamment Blida, Bejaia et Chlef se sont rassembl\u00e9s devant les si\u00e8ges des cours de justice de leurs villes respectives, brandissant des banderoles et des pancartes pour \u00able d\u00e9part de toutes les personnalit\u00e9s qui repr\u00e9sentent le syst\u00e8me de gouvernance actuel\u00bb, contest\u00e9 par le mouvement populaire depuis le 22 f\u00e9vrier dernier.<\/p>\n<p>Les avocats ont aussi exig\u00e9 \u00abl\u2019application des articles 7 et 8 de la Constitution qui consacrent la souverainet\u00e9 populaire\u00bb. A Bejaia encore, les avocats ont demand\u00e9 \u00e0 ce qu\u2019on \u00abprivil\u00e9gie une solution politique, au d\u00e9triment d\u2019une fixation sur l\u2019application stricte de la Constitution, pour le r\u00e8glement de la crise\u00bb. Pour eux la solution est politique et ne se limite pas sugg\u00e9rant la mise en place des m\u00e9canismes pour une p\u00e9riode de transition, qui sera dirig\u00e9e par des \u00abpersonnalit\u00e9s comp\u00e9tentes et int\u00e8gres \u00e0 m\u00eame de r\u00e9unir les conditions idoines pour l\u2019organisation d\u2019\u00e9lections propres et honn\u00eates\u00bb. Dans les wilayas de Tizi-Ouzou et de Bouira, les rassemblements des robes noires, ont \u00e9t\u00e9 suivis de marches durant lesquelles les avocats, portant l\u2019embl\u00e8me national, ont sillonn\u00e9 les art\u00e8res principales de ces deux villes en scandant les m\u00eames slogans. Les greffiers de Tizi-Ouzou ont rejoint les avocats pour demander le changement du syst\u00e8me \u00e9galement. Une marche a eu lieu \u00e0 partir du tribunal administratif vers la cour de justice, alors qu\u2019\u00e0 Bejaia, des employ\u00e9s communaux, anim\u00e9s de motivations identiques, ont pris part \u00e0 une marche pacifique sur le \u00abboulevard de la libert\u00e9\u00bb.<\/p>\n<p>Ils ont appel\u00e9 \u00e0 un \u00abchangement profond et \u00e0 une rupture radicale pour la construction d\u2019un Etat de droit respectueux des libert\u00e9s individuelles et collective\u00bb. Ce mouvement de protestation des avocats est marqu\u00e9, faut-il le rappeler, par une gr\u00e8ve de quatre jours qui se poursuivra, dimanche et lundi prochains.<\/p>\n<p>Par ailleurs, les avocats des wilayas du Sud ont observ\u00e9 des sit-in de protestation, \u00e0 l\u2019appel de l\u2019Union nationale des ordres des avocats en appui aux revendications du mouvement populaire.\u00a0 A Adrar, ils ont tenu un rassemblement pacifique devant la Cour de justice et ont scand\u00e9 des slogans d\u00e9non\u00e7ant les \u00abr\u00e9actions violentes oppos\u00e9es \u00e0 des manifestants pacifiques\u00bb, annon\u00e7ant par la m\u00eame occasion leur boycott des audiences.<\/p>\n<p><strong>Les \u00e9tudiants et les fonctionnaires s\u2019associent aux robes noires\u00a0<\/strong><\/p>\n<p>M\u00eame ambiance dans les wilayas de Gharda\u00efa et d\u2019El-Oued, o\u00f9 les avocats ont \u00e9galement fait part de leur intention de boycotter les audiences, en soutien au mouvement populaire. Dans le m\u00eame sillage, des manifestations populaires pour un changement politique \u00abprofond\u00bb et la r\u00e9clamation du d\u00e9part des figures du syst\u00e8me, les \u00e9tudiants ont poursuivi leur action de protestation \u00e0 l\u2019universit\u00e9 Kasdi-Merbah de Ouargla.<\/p>\n<p>Les travailleurs de la Caisse nationale des assurances sociales ont, de leur c\u00f4t\u00e9, tenu une action de protestation devant le si\u00e8ge de la Caisse brandissant des slogans appelant au changement. A Biskra, les avocats affili\u00e9s \u00e0 la Cour de justice ont organis\u00e9 un sit-in pour exprimer leur soutien aux revendications du mouvement populaire. Les protestataires qui ont insist\u00e9 sur le respect de la libert\u00e9 d\u2019expression et la volont\u00e9 populaire pour le changement, ont consid\u00e9r\u00e9 que la justice \u00e9tait appel\u00e9e \u00e0 \u00abprot\u00e9ger ces droits d\u2019autant que ses jugements sont prononc\u00e9s au nom du peuple\u00bb. L\u2019instance de d\u00e9fense dont la position vis-\u00e0-vis du mouvement populaire \u00e9tait claire, \u00e0 \u00able devoir de d\u00e9fendre la volont\u00e9 populaire pour l\u2019application des articles 8 et 8 de la Constitution\u00bb ont rappel\u00e9 les avocats.<\/p>\n<p>Dans l\u2019Ouest du pays, des dizaines d\u2019avocats, affili\u00e9s au b\u00e2tonnat de la r\u00e9gion de Mostaganem (Mostaganem, Relizane, Tiaret et Tissemsilt), ont organis\u00e9 un sit-in devant la cour pour r\u00e9affirmer leur soutien ind\u00e9fectible au mouvement populaire et \u00e0 ses revendications l\u00e9gitimes.Les avocats, v\u00eatus de leurs robes noires, brandissant les couleurs nationales et des banderoles, ont manifest\u00e9 pour appeler l\u2019autorit\u00e9 judiciaire \u00e0 ouvrir des dossiers concernant les affaires de corruption et poursuivre les personnes impliqu\u00e9es. Ils ont \u00e9galement exprim\u00e9 leur attachement aux revendications du mouvement populaire portant notamment sur un changement radical, la\u00a0 \u00a0promotion des libert\u00e9s collectives et individuelles, et l\u2019instauration de la justice sociale. Hier encore, les Alg\u00e9riens sont descendus en masse dans la quasi-totalit\u00e9 des r\u00e9gions du pays pour r\u00e9clamer le d\u00e9part du chef de l\u2019Etat, des personnalit\u00e9s impliqu\u00e9s et du \u00absyst\u00e8me\u00bb au pouvoir. Une foule monstre a, notamment manifest\u00e9 durant plusieurs heures dans le centre d\u2019Alger, et dans les autres wilayas du pays.<\/p>\n<p><strong>Tahar Kaidi<\/strong><\/p>\n<\/div>\n<p>Auteur: elmoudjahid<br \/>\n<a href=\"http:\/\/www.elmoudjahid.com\/fr\/actualites\/136001\">Cliquez ici pour lire l&rsquo;article depuis sa source.<\/a><\/p>\n","protected":false},"excerpt":{"rendered":"<p>Des centaines d\u2019avocats \u00e0 travers le pays sont sortis en cette fin de semaine dans la rue,\u00a0 pour appeler \u00e0 \u00abl\u2019ind\u00e9pendance de la justice\u00bb et au \u00abrespect de la souverainet\u00e9 du peuple\u00bb, rapporte l\u2019agence presse service. Dans plusieurs wilayas du centre, les robes noires ont tenu des rassemblements, des marches et des sit-in. Des manifestations [&hellip;]<\/p>\n","protected":false},"author":1744,"featured_media":0,"comment_status":"closed","ping_status":"closed","sticky":false,"template":"","format":"standard","meta":{"fifu_image_url":"","fifu_image_alt":"","footnotes":""},"categories":[73,53],"tags":[],"class_list":["post-28987","post","type-post","status-publish","format-standard","hentry","category-actualite","category-algerie"],"_links":{"self":[{"href":"https:\/\/linitiative.ca\/International\/wp-json\/wp\/v2\/posts\/28987","targetHints":{"allow":["GET"]}}],"collection":[{"href":"https:\/\/linitiative.ca\/International\/wp-json\/wp\/v2\/posts"}],"about":[{"href":"https:\/\/linitiative.ca\/International\/wp-json\/wp\/v2\/types\/post"}],"author":[{"embeddable":true,"href":"https:\/\/linitiative.ca\/International\/wp-json\/wp\/v2\/users\/1744"}],"replies":[{"embeddable":true,"href":"https:\/\/linitiative.ca\/International\/wp-json\/wp\/v2\/comments?post=28987"}],"version-history":[{"count":0,"href":"https:\/\/linitiative.ca\/International\/wp-json\/wp\/v2\/posts\/28987\/revisions"}],"wp:attachment":[{"href":"https:\/\/linitiative.ca\/International\/wp-json\/wp\/v2\/media?parent=28987"}],"wp:term":[{"taxonomy":"category","embeddable":true,"href":"https:\/\/linitiative.ca\/International\/wp-json\/wp\/v2\/categories?post=28987"},{"taxonomy":"post_tag","embeddable":true,"href":"https:\/\/linitiative.ca\/International\/wp-json\/wp\/v2\/tags?post=28987"}],"curies":[{"name":"wp","href":"https:\/\/api.w.org\/{rel}","templated":true}]}}