{"id":28988,"date":"2019-04-19T19:00:00","date_gmt":"2019-04-19T23:00:00","guid":{"rendered":"https:\/\/linitiative.ca\/International\/lancien-president-du-rcd-said-sadi-appel-a-un-nouvel-ordre-constitutionnel\/"},"modified":"2019-04-19T19:00:00","modified_gmt":"2019-04-19T23:00:00","slug":"lancien-president-du-rcd-said-sadi-appel-a-un-nouvel-ordre-constitutionnel","status":"publish","type":"post","link":"https:\/\/linitiative.ca\/International\/lancien-president-du-rcd-said-sadi-appel-a-un-nouvel-ordre-constitutionnel\/","title":{"rendered":"L\u2019ancien pr\u00e9sident du RCD, Sa\u00efd Sadi :  Appel \u00e0 un nouvel ordre  constitutionnel"},"content":{"rendered":"<p>Lors d\u2019une conf\u00e9rence anim\u00e9e jeudi dernier \u00e0 l\u2019auditorium du campus Hasnaoua dans le cadre des rencontres \u00abLes d\u00e9bats de l\u2019UMMTO\u00bb, Dr Said Sadi, ancien pr\u00e9sident du RCD, a estim\u00e9 que \u00abla graine d\u2019avril a fait \u00e9clore les nouvelles formes de lutte qui animent les revendications d\u2019aujourd\u2019hui\u00bb. Il a indiqu\u00e9 que \u00abla singularit\u00e9 d\u2019avril 1980 est essentielle \u00e0 comprendre dans la mesure o\u00f9 le mouvement ne visant pas \u00e0 une prise de pouvoir mais une transformation sociale et des r\u00e9formes d\u00e9mocratiques\u00bb. L\u2019un de ces questionnements, et non des moindres, est l\u2019\u00e9chec de l\u2019Etat-nation\u00bb, a-t-il analys\u00e9. Le conf\u00e9rencier a affirm\u00e9 que si les insurrections d\u2019avril 80 et celle de f\u00e9vrier 2019 \u00e9taient inattendues, elles n\u2019\u00e9taient pas impr\u00e9visibles, tant que dans les deux situations, le soul\u00e8vement est d\u00fb \u00e0 l\u2019incapacit\u00e9 des pouvoirs publics \u00e0 prendre en charge la question de la citoyennet\u00e9. Pour Said Sadi, l\u2019Etat n\u2019a pas vocation \u00e0 contr\u00f4ler et encore moins \u00e0 soumettre le peuple. Apr\u00e8s avoir fait cette jonction entre le printemps amazigh d\u2019avril et la dynamique citoyenne du f\u00e9vrier 2019, l\u2019ancien pr\u00e9sident du RCD a mis en exergue la n\u00e9cessit\u00e9 d\u2019aller vers la cr\u00e9ation \u00abd\u2019un nouvel ordre constitutionnel\u00bb. \u00abUne fois ce constat \u00e9l\u00e9mentaire, mais fondamental, admis, on peut engager la r\u00e9flexion sur les dur\u00e9es, les m\u00e9thodes, les structures, le contenu et les objectifs de la transition\u00bb, a-t-il fait savoir. S\u2019il est admis que la phase de transition doit \u00eatre aussi courte que possible, il n\u2019en demeure pas moins pour Sadi que ce \u00absouci l\u00e9gitime ne doit pas \u00e9vacuer l\u2019importance qualitative de cette p\u00e9riode dont tout d\u00e9pend. \u00abToute pr\u00e9cipitation peut engendrer des effets pervers dont le pays peut faire l\u2019\u00e9conomie pour peu que les d\u00e9marches soient \u00e0 la hauteur des exigences de l\u2019heure \u00bb, a averti le militant du mouvement culturel berb\u00e8re. Selon lui, la phase de transition doit \u00eatre pens\u00e9e comme la cl\u00e9 de vo\u00fbte de l\u2019Alg\u00e9rie future. Sadi estime que tous les acteurs politiques les plus avis\u00e9s, les groupes sociaux les plus cr\u00e9dibles doivent \u00eatre mobilis\u00e9s pendant cette p\u00e9riode pour poser en termes lisibles les principes g\u00e9n\u00e9raux qui d\u00e9termineront la vie de la nation d\u00e9mocratique. Pour le reste, indique-t-il, les propositions de sortie de crise de l\u2019opposition, \u00e0 savoir la pr\u00e9sidence coll\u00e9giale, gouvernement de transition, commission ind\u00e9pendante d\u2019organisation des \u00e9lections, se recoupent sur le fond et font consensus. L\u2019essentiel pour le conf\u00e9rencier \u00e9tant que les pr\u00e9alables d\u00e9mocratiques soient clairement et solennellement prescrits en tant que postulats inviolables. Enfin, Said Sadi n\u2019a pas manqu\u00e9 de rendre hommage \u00e0 cette jeunesse alg\u00e9rienne qui, depuis le 22 f\u00e9vrier dernier, fait l\u2019objet de l\u2019admiration du monde par son ouverture d\u2019esprit, sa g\u00e9n\u00e9rosit\u00e9, sa mixit\u00e9 et son humour.<\/p>\n<p>Bel. Adrar<\/p>\n<p>Auteur: elmoudjahid<br \/>\n<a href=\"http:\/\/www.elmoudjahid.com\/fr\/actualites\/136002\">Cliquez ici pour lire l&rsquo;article depuis sa source.<\/a><\/p>\n","protected":false},"excerpt":{"rendered":"<p>Lors d\u2019une conf\u00e9rence anim\u00e9e jeudi dernier \u00e0 l\u2019auditorium du campus Hasnaoua dans le cadre des rencontres \u00abLes d\u00e9bats de l\u2019UMMTO\u00bb, Dr Said Sadi, ancien pr\u00e9sident du RCD, a estim\u00e9 que \u00abla graine d\u2019avril a fait \u00e9clore les nouvelles formes de lutte qui animent les revendications d\u2019aujourd\u2019hui\u00bb. Il a indiqu\u00e9 que \u00abla singularit\u00e9 d\u2019avril 1980 est [&hellip;]<\/p>\n","protected":false},"author":1744,"featured_media":0,"comment_status":"closed","ping_status":"closed","sticky":false,"template":"","format":"standard","meta":{"fifu_image_url":"","fifu_image_alt":"","footnotes":""},"categories":[73,53],"tags":[],"class_list":["post-28988","post","type-post","status-publish","format-standard","hentry","category-actualite","category-algerie"],"_links":{"self":[{"href":"https:\/\/linitiative.ca\/International\/wp-json\/wp\/v2\/posts\/28988","targetHints":{"allow":["GET"]}}],"collection":[{"href":"https:\/\/linitiative.ca\/International\/wp-json\/wp\/v2\/posts"}],"about":[{"href":"https:\/\/linitiative.ca\/International\/wp-json\/wp\/v2\/types\/post"}],"author":[{"embeddable":true,"href":"https:\/\/linitiative.ca\/International\/wp-json\/wp\/v2\/users\/1744"}],"replies":[{"embeddable":true,"href":"https:\/\/linitiative.ca\/International\/wp-json\/wp\/v2\/comments?post=28988"}],"version-history":[{"count":0,"href":"https:\/\/linitiative.ca\/International\/wp-json\/wp\/v2\/posts\/28988\/revisions"}],"wp:attachment":[{"href":"https:\/\/linitiative.ca\/International\/wp-json\/wp\/v2\/media?parent=28988"}],"wp:term":[{"taxonomy":"category","embeddable":true,"href":"https:\/\/linitiative.ca\/International\/wp-json\/wp\/v2\/categories?post=28988"},{"taxonomy":"post_tag","embeddable":true,"href":"https:\/\/linitiative.ca\/International\/wp-json\/wp\/v2\/tags?post=28988"}],"curies":[{"name":"wp","href":"https:\/\/api.w.org\/{rel}","templated":true}]}}