{"id":28989,"date":"2019-04-19T19:00:00","date_gmt":"2019-04-19T23:00:00","guid":{"rendered":"https:\/\/linitiative.ca\/International\/organisation-des-elections-des-p-apc-sen-demarquent\/"},"modified":"2019-04-19T19:00:00","modified_gmt":"2019-04-19T23:00:00","slug":"organisation-des-elections-des-p-apc-sen-demarquent","status":"publish","type":"post","link":"https:\/\/linitiative.ca\/International\/organisation-des-elections-des-p-apc-sen-demarquent\/","title":{"rendered":"Organisation  des \u00e9lections :  Des P\/APC  s\u2019en d\u00e9marquent"},"content":{"rendered":"<p>Des centaines de personnes ont r\u00e9investi jeudi dernier, la rue \u00e0 travers le pays pour demander un changement du syst\u00e8me politique actuel et exprimer leur rejet de la prochaine \u00e9lection pr\u00e9sidentielle, ont constat\u00e9 des correspondants de l\u2019APS. A Tizi-Ouzou, des centaines d\u2019\u00e9lus aux Assembl\u00e9es populaire communales (APC), de wilaya (APW) et nationale (APN et Conseil de la nation) ont particip\u00e9 \u00e0 une marche pacifique pour demander le changement du syst\u00e8me de gouvernance actuelle et exprimer leur rejet des prochaines \u00e9lections pr\u00e9sidentielles.\u00a0<\/p>\n<p>Les pr\u00e9sidents d\u2019une trentaine d\u2019APC de la wilaya, reconnaissables \u00e0 leurs \u00e9charpes, qu\u2019ils ont arbor\u00e9es pour l\u2019occasion, ainsi que le pr\u00e9sident de l\u2019APW et des \u00e9lus de diff\u00e9rentes formations politiques notamment le Front des forces socialistes, le RND et le FLN ainsi que des ind\u00e9pendants, se sont rassembl\u00e9s au niveau de la placette du mus\u00e9e au centre-ville, avant d\u2019entamer leur marche vers le si\u00e8ge de la wilaya en empruntant l\u2019avenue Abane Ramdane. Durant cette manifestation, les pr\u00e9sidents d\u2019APC ont r\u00e9it\u00e9r\u00e9 leur refus de proc\u00e9der \u00e0 la r\u00e9vision des listes \u00e9lectorales et de pr\u00e9parer les \u00e9lections pr\u00e9sidentielles du 4 juillet prochain. Durant cette marche, les maires contestataires ont rappel\u00e9 \u00e0 travers les banderoles d\u00e9ploy\u00e9es et les slogans scand\u00e9s, leur \u00abrefus\u00bb de prendre part au processus d\u2019organisation des prochaine \u00e9lections pr\u00e9sidentielles et ce, dans \u00abtous ses aspects et dans ses diff\u00e9rentes \u00e9tapes\u00bb. Ils ont aussi lanc\u00e9 un appel aux \u00e9lus des autres wilayas d\u2019adh\u00e9rer \u00e0 leur d\u00e9marche. Arriv\u00e9 devant le monument des 128 martyrs du printemps noir (avril 2001) implant\u00e9 au carrefour Djurdjura, les \u00e9lus ont observ\u00e9 une minute de silence \u00e0 leur m\u00e9moire, avant de poursuivre leur marche vers le si\u00e8ge de la wilaya, o\u00f9 les pr\u00e9sidents d\u2019APC ont remis au Directeur local de la r\u00e9glementation et de l\u2019administration g\u00e9n\u00e9rale (DRAG) leurs d\u00e9cisions individuelles de rejet de r\u00e9vision de listes \u00e9lectorales et de pr\u00e9paration des prochaines \u00e9lections pr\u00e9sidentielles. La d\u00e9cision d\u2019organiser cette marche a \u00e9t\u00e9 prise lors d\u2019une r\u00e9union d\u2019\u00e9lus tenue mardi dernier au si\u00e8ge de l\u2019APW wilaya. A Bejaia, les \u00e9lus locaux (APC\/APW), soutenus par des parlementaires, ont tenu un rassemblement \u00e0 l\u2019int\u00e9rieur du si\u00e8ge de la wilaya pour exprimer leur rejet des prochaines \u00e9lections pr\u00e9sidentielles et r\u00e9it\u00e9rer leur r\u00e9solution de ne pas encadrer mat\u00e9riellement et administrativement ce scrutin.\u00a0<\/p>\n<p>Drap\u00e9s de leurs \u00e9charpes tricolores d\u2019\u00e9lus, les protestataires se sont mass\u00e9s sur les marches de l\u2019entr\u00e9e officielle du b\u00e2timent de la wilaya, clamant leur rejet de ces \u00e9lections. \u00abUlac l\u2019vote ulach\u00bb (pas d\u2019\u00e9lections) et appellent en cons\u00e9quence au boycott. Au total, 48 pr\u00e9sidents d\u2019APC sur un corps qui en compte 52 ainsi que la majorit\u00e9 de l\u2019Assembl\u00e9e populaire de wilaya, ainsi que de simples \u00e9lus et fonctionnaires de communes, ont pris part a ce regroupement, ponctu\u00e9 par une r\u00e9union de coordination \u00e0 la salle des congr\u00e8s o\u00f9 chacun a motiv\u00e9 son rejet de ce rendez-vous \u00e9lectoral et soulign\u00e9 son adh\u00e9sion \u00e0 la d\u00e9marche populaire g\u00e9n\u00e9rale visant la \u00abnon-participation\u00bb. Au cours de cette rencontre, une coordination des pr\u00e9sidents d\u2019APC a \u00e9t\u00e9 solennellement install\u00e9e et aura pour mission de coordonner les actions \u00e0 mettre en \u0153uvre collectivement dans cette perspective. Divers corps de m\u00e9tiers \u00e9taient \u00e9galement pr\u00e9sents lors de cette journ\u00e9e de contestation. A Boumerd\u00e8s, des employ\u00e9s du secteur de la justice et autres corps communs ont organis\u00e9 un sit-in devant la Cour de justice pour exprimer leur soutien aux revendications du mouvement populaire appelant \u00e0 un changement \u00abradical\u00bb. Les protestataires ont scand\u00e9 nombre de slogans politiques appelant, entre autres, \u00e0 une ind\u00e9pendance de la justice, la libert\u00e9 d\u2019expression, et \u00e0 un changement politique global. A Oran, la contestation a pris la forme d\u2019un sit-in organis\u00e9 devant le si\u00e8ge de la direction de la Culture, par les employ\u00e9s du secteur dans la wilaya et ce, en soutien au mouvement populaire et \u00e0 l\u2019ouverture des dossiers de corruption. Le rassemblement, qui co\u00efncide avec le lancement de la manifestation du mois du patrimoine (18 avril-18 mai), a vu la participation des travailleurs de plusieurs \u00e9tablissements culturels, brandissant des slogans tels que \u00abactiver l\u2019article 7 et 8 de la Constitution\u00bb, \u00abR\u00e9volution culturelle&#8230; un droit\u00bb, \u00abUn peuple sans culture comme un homme sans langue\u00bb. Les protestataires parmi des intellectuels de la ville ont \u00e9galement revendiqu\u00e9 la r\u00e9habilitation du patrimoine national, la libert\u00e9 de r\u00e9flexion et l\u2019ouverture des dossiers de corruption dans le secteur de la Culture.<\/p>\n<p>Auteur: elmoudjahid<br \/>\n<a href=\"http:\/\/www.elmoudjahid.com\/fr\/actualites\/136003\">Cliquez ici pour lire l&rsquo;article depuis sa source.<\/a><\/p>\n","protected":false},"excerpt":{"rendered":"<p>Des centaines de personnes ont r\u00e9investi jeudi dernier, la rue \u00e0 travers le pays pour demander un changement du syst\u00e8me politique actuel et exprimer leur rejet de la prochaine \u00e9lection pr\u00e9sidentielle, ont constat\u00e9 des correspondants de l\u2019APS. A Tizi-Ouzou, des centaines d\u2019\u00e9lus aux Assembl\u00e9es populaire communales (APC), de wilaya (APW) et nationale (APN et Conseil [&hellip;]<\/p>\n","protected":false},"author":1744,"featured_media":0,"comment_status":"closed","ping_status":"closed","sticky":false,"template":"","format":"standard","meta":{"fifu_image_url":"","fifu_image_alt":"","footnotes":""},"categories":[73,53],"tags":[],"class_list":["post-28989","post","type-post","status-publish","format-standard","hentry","category-actualite","category-algerie"],"_links":{"self":[{"href":"https:\/\/linitiative.ca\/International\/wp-json\/wp\/v2\/posts\/28989","targetHints":{"allow":["GET"]}}],"collection":[{"href":"https:\/\/linitiative.ca\/International\/wp-json\/wp\/v2\/posts"}],"about":[{"href":"https:\/\/linitiative.ca\/International\/wp-json\/wp\/v2\/types\/post"}],"author":[{"embeddable":true,"href":"https:\/\/linitiative.ca\/International\/wp-json\/wp\/v2\/users\/1744"}],"replies":[{"embeddable":true,"href":"https:\/\/linitiative.ca\/International\/wp-json\/wp\/v2\/comments?post=28989"}],"version-history":[{"count":0,"href":"https:\/\/linitiative.ca\/International\/wp-json\/wp\/v2\/posts\/28989\/revisions"}],"wp:attachment":[{"href":"https:\/\/linitiative.ca\/International\/wp-json\/wp\/v2\/media?parent=28989"}],"wp:term":[{"taxonomy":"category","embeddable":true,"href":"https:\/\/linitiative.ca\/International\/wp-json\/wp\/v2\/categories?post=28989"},{"taxonomy":"post_tag","embeddable":true,"href":"https:\/\/linitiative.ca\/International\/wp-json\/wp\/v2\/tags?post=28989"}],"curies":[{"name":"wp","href":"https:\/\/api.w.org\/{rel}","templated":true}]}}