{"id":28990,"date":"2019-04-19T19:00:00","date_gmt":"2019-04-19T23:00:00","guid":{"rendered":"https:\/\/linitiative.ca\/International\/le-chef-de-letat-recoit-le-vice-president-du-conseil-presidentiel-du-gouvernement-dunion-nationale-de-libye\/"},"modified":"2019-04-19T19:00:00","modified_gmt":"2019-04-19T23:00:00","slug":"le-chef-de-letat-recoit-le-vice-president-du-conseil-presidentiel-du-gouvernement-dunion-nationale-de-libye","status":"publish","type":"post","link":"https:\/\/linitiative.ca\/International\/le-chef-de-letat-recoit-le-vice-president-du-conseil-presidentiel-du-gouvernement-dunion-nationale-de-libye\/","title":{"rendered":"Le Chef de l\u2019\u00e9tat re\u00e7oit le Vice-pr\u00e9sident du Conseil pr\u00e9sidentiel  du Gouvernement d\u2019Union nationale de Libye"},"content":{"rendered":"<p>Le chef de l&rsquo;\u00c9tat, Abdelkader Bensalah, a re\u00e7u, jeudi dernier \u00e0 Alger, le vice-pr\u00e9sident du Conseil pr\u00e9sidentiel du gouvernement d&rsquo;Union nationale de l&rsquo;\u00c9tat de Libye, Ahmed Miitig.\u00a0<\/p>\n<div readability=\"129\">\n<p>Dans une d\u00e9claration \u00e0 la presse \u00e0 l&rsquo;issue de cette audience, M. Miitig a indiqu\u00e9 que la rencontre a permis \u00e0 M. Bensalah de s&rsquo;enqu\u00e9rir \u00abde la situation \u00e0 Tripoli, qui s&rsquo;est am\u00e9lior\u00e9e apr\u00e8s que le groupe militaire qui avait tent\u00e9 de prendre la capitale par la force eut \u00e9t\u00e9 repouss\u00e9\u00bb. \u00abNous savons, tr\u00e8s bien, que l&rsquo;Alg\u00e9rie soutient le peuple libyen et les choix d&rsquo;\u00e9dification d&rsquo;un Etat civil et d&rsquo;\u00e9laboration d&rsquo;une Constitution libyenne pour se diriger vers des \u00e9lections pour que le peuple libyen choisisse lui-m\u00eame ses dirigeants\u00bb, a-t-il dit. \u00abLa s\u00e9curit\u00e9 de l&rsquo;Alg\u00e9rie est tributaire de celle de la Libye et les deux pays sont li\u00e9s par de longues fronti\u00e8res et des relations historiques tr\u00e8s importantes\u00bb, a soutenu M. Miitig.\u00a0<\/p>\n<p>Le responsable libyen a affirm\u00e9 que son pays \u00abcompte sur l&rsquo;Alg\u00e9rie pour transmettre des messages \u00e0 toute la communaut\u00e9 internationale, et affirmer que la l\u00e9gitimit\u00e9 en Libye est forte et r\u00e9elle et la communaut\u00e9 internationale doit condamner clairement et sans \u00e9quivoque l&rsquo;agression contre Tripoli\u00bb. L&rsquo;audience s&rsquo;est d\u00e9roul\u00e9e au si\u00e8ge de la Pr\u00e9sidence de la R\u00e9publique, en pr\u00e9sence du ministre des Affaires \u00e9trang\u00e8res, Sabri Boukadoum.<\/p>\n<p>Le chef de l&rsquo;Etat a indiqu\u00e9 que l&rsquo;Alg\u00e9rie continuera d&rsquo;apporter \u00abtout son appui\u00bb pour un retour \u00abrapide\u00bb \u00e0 la paix et \u00e0 la stabilit\u00e9 en Libye, indique un communiqu\u00e9 de la Pr\u00e9sidence de la R\u00e9publique. M. Bensalah a exprim\u00e9 \u00abla solidarit\u00e9 de l&rsquo;Alg\u00e9rie avec l&rsquo;ensemble du peuple libyen fr\u00e8re et la conviction que cesse le langage des armes, parce qu&rsquo;il n&rsquo;y a de solution que politique\u00bb, souligne la m\u00eame source. Le chef de l&rsquo;Etat a r\u00e9affirm\u00e9, \u00e0 cette occasion, que l&rsquo;Alg\u00e9rie \u00abcontinuera d&rsquo;apporter tout son appui pour un retour rapide \u00e0 la paix, \u00e0 la stabilit\u00e9 et \u00e0 l&rsquo;entente entre tous les Libyens\u00bb. L&rsquo;entretien entre les deux parties a permis de \u00abpasser en revue la situation pr\u00e9occupante que conna\u00eet la Libye, notamment les d\u00e9veloppements connus depuis le 4 avril 2019\u00bb, pr\u00e9cise le communiqu\u00e9.<\/p>\n<p>Ahmed Miitig a mis en avant le r\u00f4le de l&rsquo;Alg\u00e9rie dans le r\u00e8glement de la crise en Libye, la qualifiant de \u00abpays pivot dans la r\u00e9gion\u00bb. \u00abNous esp\u00e9rons, \u00e0 la faveur de cette visite, un retour en force de l&rsquo;Alg\u00e9rie dans le dossier libyen, car c&rsquo;est un pays sur lequel nous comptons \u00e9norm\u00e9ment pour parvenir \u00e0 un r\u00e8glement\u00bb, a d\u00e9clar\u00e9 M. Miitig \u00e0 son arriv\u00e9e \u00e0 Alger. Il a indiqu\u00e9 que le gouvernement d&rsquo;Union nationale libyenne \u00abeffectuait des consultations avec toutes les parties, les Etats voisins et les pays qui soutiennent le processus d\u00e9mocratique et le caract\u00e8re civil de l&rsquo;Etat libyen\u00bb, et ce dans le cadre du processus de r\u00e8glement politique de la crise qui secoue la Libye depuis 2011. Affirmant que \u00able gouvernement d&rsquo;Union nationale de Libye est pr\u00e9sent et qu&rsquo;il est en mesure de travailler efficacement\u00bb, M.\u2008Ahmed Miitig a tenu \u00e0 rassurer le peuple et les responsables alg\u00e9riens quant aux \u00e9v\u00e8nements que conna\u00eet Tripoli\u00bb. Par ailleurs, le vice-pr\u00e9sident du Conseil pr\u00e9sidentiel du gouvernement d&rsquo;Union nationale de Libye a salu\u00e9 les relations qui lient les deux pays, \u00abse f\u00e9licitant\u00bb de sa pr\u00e9sence en Alg\u00e9rie, \u00abpays voisin et ami qui partage avec la Libye l&rsquo;histoire commune et des relations connues de tous\u00bb. La visite de M. Miitig en Alg\u00e9rie intervient suite aux derniers d\u00e9veloppements enregistr\u00e9s \u00e0 Tripoli, cible depuis deux semaines d&rsquo;agression par les troupes du mar\u00e9chal Haftar.<\/p>\n<p><strong>Paris et Le Caire ne doivent plus compter sur M. Haftar\u00a0<\/strong><\/p>\n<p>M. Ahmed Omar Miitig a condamn\u00e9 hier l&rsquo;offensive arm\u00e9e men\u00e9e par le g\u00e9n\u00e9ral contre la capitale Tripoli, rassurant que les forces du gouvernement font face \u00e0 l&rsquo;agression en vue du maintien de la s\u00e9curit\u00e9 et la sauvegarde des vies humaines. S\u2019exprimant lors d\u2019une conf\u00e9rence de presse \u00e0 l\u2019issue de sa visite de deux jours en Alg\u00e9rie, M. Miitig a d\u00e9nonc\u00e9 \u00abvigoureusement\u00bb l\u2019agression men\u00e9e par les troupes de Khalifa Haftar contre la capitale du pays depuis le 4 avril dernier, soulignant que \u00ables forces du GNA sont d\u00e9termin\u00e9es \u00e0 repousser avec fermet\u00e9 cette agression inattendue\u00bb, et ce au moment o\u00f9 la Libye se pr\u00e9parait \u00e0 tenir la premi\u00e8re conf\u00e9rence de r\u00e9conciliation nationale \u00e0 Ghedam\u00e8s sous l\u2019\u00e9gide de l\u2019ONU. \u00abDepuis quelques jours, les forces du gouvernement ont r\u00e9ussi \u00e0 stopper l\u2019avanc\u00e9e des troupes de Khalifa Haftar et les repousser en dehors de la capitale. Nous sommes d\u00e9termin\u00e9s \u00e0 les chasser, dans les prochains jours, des territoires qu\u2019ils ont conquis\u00bb, a affirm\u00e9 M. Miitig. Il a, dans ce sens, ajout\u00e9 que \u00abcertains pays et parties qui avaient mis\u00e9, au d\u00e9part, sur la prise de Tripoli en quelques heures par les forces de Haftar commencent \u00e0 revoir leurs positions eu \u00e9gard \u00e0 la riposte actionn\u00e9e par les forces du GNA\u00bb.\u00a0<\/p>\n<p>Assurant que le gouvernement d\u2019Union nationale compte notamment sur le soutien des pays de la r\u00e9gion particuli\u00e8rement l\u2019Alg\u00e9rie qui appuie, a-t-il relev\u00e9, \u00abla l\u00e9galit\u00e9 et l&rsquo;unit\u00e9 de la Libye\u00bb, M. Miitig a confirm\u00e9 l\u2019\u00e9mission d&rsquo;un mandat d&rsquo;arr\u00eat contre le g\u00e9n\u00e9ral en retraite Khalifa Haftar, pour sa \u00abresponsabilit\u00e9 directe dans les bombardements contre des sites civils et des quartiers r\u00e9sidentiels dans la capitale\u00bb, ayant caus\u00e9 la mort de plus de 200 personnes et plus de 900 bless\u00e9s depuis deux semaines. R\u00e9pondant \u00e0 une question sur le \u00absoutien\u00bb de la France et de l\u2019Egypte apport\u00e9s \u00e0 Khalifa Haftar, le vice-pr\u00e9sident du gouvernement libyen a invit\u00e9 ces deux pays \u00e0 \u00abrevoir\u00bb leur position, pr\u00e9cisant que \u00abParis et Le Caire ne doivent plus compter sur M. Haftar en tant que partenaire dynamique capable de contribuer \u00e0 l\u2019\u00e9dification d\u2019un Etat d\u00e9mocratique o\u00f9 les \u00e9lections d\u00e9termineront les futurs repr\u00e9sentants du pays\u00bb. M. Miitig a notamment d\u00e9clar\u00e9 que Khalifa Haftar ne peut plus \u00eatre \u00abun partenaire dans le processus politique en cours en Libye\u00bb, invitant tous les Etats qu\u2019ils le soutiennent \u00e0 revoir leur position \u00e0 son \u00e9gard, le qualifiant \u00e9galement de \u00abcriminel de guerre\u00bb. S\u2019adressant toujours aux dirigeants des pays qui ont soutenu le commandant des forces de l\u2019Est libyen, M. Miitig \u00e0 rassurer que les Libyens seront capables de relever les d\u00e9fis et de trouver des solutions \u00e0 leurs probl\u00e8mes sans trop compter sur le r\u00f4le de la communaut\u00e9 internationale.\u00a0<\/p>\n<p>\u00abCelle-ci reste divis\u00e9e non seulement sur le dossier libyen, mais sur de nombreuses autres questions internationales \u00bb, a-t-il fait remarquer. Au sujet de l\u2019absence d\u2019une r\u00e9action ferme de la part du Conseil de s\u00e9curit\u00e9 sur la situation en Libye, le vice-pr\u00e9sident du gouvernement libyen a d\u00e9plor\u00e9 la position de certains membres de cette instance onusienne, affirmant que les Libyens ont \u00e9t\u00e9 d\u00e9\u00e7us par le fait qu\u2019il n\u2019y avait pas eu d\u2019entente qui pouvait contribuer \u00e0 restaurer la paix dans le pays.<\/p>\n<p><strong>L\u2019Alg\u00e9rie demeure un acteur dynamique\u00a0<\/strong><\/p>\n<p>Ahmed Omar Miitig, a indiqu\u00e9 que sa visite \u00e0 Alger constitue \u00abun message clair\u00bb destin\u00e9 \u00e0 affirmer que l&rsquo;Alg\u00e9rie demeurait un \u00abacteur dynamique\u00bb dans le r\u00e8glement de la crise en Libye. \u00abMa pr\u00e9sence ici, \u00e0 Alger, est justement un message clair et net pour r\u00e9affirmer que l&rsquo;Alg\u00e9rie demeure \u2018\u2018un acteur dynamique\u2019\u2019 en mesure d\u2019\u00e9mettre un avis diff\u00e9rent sur la situation en Libye\u00bb, a soulign\u00e9 M. Miitig. Il a ajout\u00e9 que \u00abcertains pays pensaient que l\u2019Alg\u00e9rie ne pouvait pas \u00eatre pr\u00e9sente sur la sc\u00e8ne internationale et que la situation interne actuelle du pays ne lui permettait pas d\u2019assumer un r\u00f4le dynamique en Libye, notamment apr\u00e8s l\u2019agression des troupes de Khalifa Haftar contre Tripoli\u00bb.\u00a0<\/p>\n<p>Le vice-pr\u00e9sident du GNA s\u2019est f\u00e9licit\u00e9 de la position officielle alg\u00e9rienne qui a exprim\u00e9, a-t-il rappel\u00e9, son \u00abplein soutien \u00e0 l\u2019\u00e9dification d\u2019un Etat d\u00e9mocratique et civil en Libye, ainsi qu\u2019\u00e0 l\u2019unit\u00e9 de son territoire\u00bb. Soulignant \u00e0 l\u2019occasion que les peuples et gouvernements des deux pays sont solidaires et entretiennent des relations \u00abhistoriques\u00bb, M. Miitig a ajout\u00e9 que le chef de l\u2019Etat, Abdelkader Bensalah, lui a r\u00e9it\u00e9r\u00e9 \u00abla position de l\u2019Alg\u00e9rie quant au r\u00e8glement des diff\u00e9rends entre les parties libyennes, qui ne peut \u00eatre r\u00e9alis\u00e9 que par la voie politique dans le cadre du dialogue national inter-libyen inclusif\u00bb.\u00a0<\/p>\n<p>Dans ce contexte, M. Miitig a confi\u00e9 que son gouvernement a sollicit\u00e9 l\u2019Alg\u00e9rie pour \u00absoutenir et d\u00e9fendre la cause libyenne sur la sc\u00e8ne internationale et r\u00e9gionale\u00bb. \u00abL\u2019Alg\u00e9rie est pr\u00e9sente et reste une force diplomatique sur la sc\u00e8ne internationale. Personnellement, j\u2019ai constat\u00e9 durant ma visite la disponibilit\u00e9 des autorit\u00e9s alg\u00e9riennes et de son peuple \u00e0 soutenir la Libye\u00bb, a conclu M. Miitig.<\/p>\n<\/div>\n<p>Auteur: elmoudjahid<br \/>\n<a href=\"http:\/\/www.elmoudjahid.com\/fr\/actualites\/136004\">Cliquez ici pour lire l&rsquo;article depuis sa source.<\/a><\/p>\n","protected":false},"excerpt":{"rendered":"<p>Le chef de l&rsquo;\u00c9tat, Abdelkader Bensalah, a re\u00e7u, jeudi dernier \u00e0 Alger, le vice-pr\u00e9sident du Conseil pr\u00e9sidentiel du gouvernement d&rsquo;Union nationale de l&rsquo;\u00c9tat de Libye, Ahmed Miitig.\u00a0 Dans une d\u00e9claration \u00e0 la presse \u00e0 l&rsquo;issue de cette audience, M. Miitig a indiqu\u00e9 que la rencontre a permis \u00e0 M. Bensalah de s&rsquo;enqu\u00e9rir \u00abde la situation [&hellip;]<\/p>\n","protected":false},"author":1744,"featured_media":0,"comment_status":"closed","ping_status":"closed","sticky":false,"template":"","format":"standard","meta":{"fifu_image_url":"","fifu_image_alt":"","footnotes":""},"categories":[73,53],"tags":[],"class_list":["post-28990","post","type-post","status-publish","format-standard","hentry","category-actualite","category-algerie"],"_links":{"self":[{"href":"https:\/\/linitiative.ca\/International\/wp-json\/wp\/v2\/posts\/28990","targetHints":{"allow":["GET"]}}],"collection":[{"href":"https:\/\/linitiative.ca\/International\/wp-json\/wp\/v2\/posts"}],"about":[{"href":"https:\/\/linitiative.ca\/International\/wp-json\/wp\/v2\/types\/post"}],"author":[{"embeddable":true,"href":"https:\/\/linitiative.ca\/International\/wp-json\/wp\/v2\/users\/1744"}],"replies":[{"embeddable":true,"href":"https:\/\/linitiative.ca\/International\/wp-json\/wp\/v2\/comments?post=28990"}],"version-history":[{"count":0,"href":"https:\/\/linitiative.ca\/International\/wp-json\/wp\/v2\/posts\/28990\/revisions"}],"wp:attachment":[{"href":"https:\/\/linitiative.ca\/International\/wp-json\/wp\/v2\/media?parent=28990"}],"wp:term":[{"taxonomy":"category","embeddable":true,"href":"https:\/\/linitiative.ca\/International\/wp-json\/wp\/v2\/categories?post=28990"},{"taxonomy":"post_tag","embeddable":true,"href":"https:\/\/linitiative.ca\/International\/wp-json\/wp\/v2\/tags?post=28990"}],"curies":[{"name":"wp","href":"https:\/\/api.w.org\/{rel}","templated":true}]}}