{"id":28993,"date":"2019-04-20T08:28:23","date_gmt":"2019-04-20T12:28:23","guid":{"rendered":"https:\/\/linitiative.ca\/International\/88328-tennis-de-table-mondial-2019-l-algerie-presente-avec-6-athletes\/"},"modified":"2019-04-20T08:28:23","modified_gmt":"2019-04-20T12:28:23","slug":"88328-tennis-de-table-mondial-2019-l-algerie-presente-avec-6-athletes","status":"publish","type":"post","link":"https:\/\/linitiative.ca\/International\/88328-tennis-de-table-mondial-2019-l-algerie-presente-avec-6-athletes\/","title":{"rendered":"Tennis de Table-Mondial 2019: l&rsquo;Alg\u00e9rie pr\u00e9sente avec 6 athl\u00e8tes"},"content":{"rendered":"<div>\n<div class=\"K2FeedImage\"><img decoding=\"async\" src=\"http:\/\/www.aps.dz\/media\/k2\/items\/cache\/4757736dd2d19d4a811d18132050dd76_S.jpg\" alt=\"Tennis de Table-Mondial 2019: l'Alg\u00e9rie pr\u00e9sente avec 6 athl\u00e8tes\"><\/div>\n<div class=\"K2FeedIntroText\">\n<p><strong>ALGER &#8211; L&rsquo;Alg\u00e9rie sera repr\u00e9sent\u00e9e par 6 athl\u00e8tes, dont trois filles, au 55e championnat du monde de tennis de table (individuel et double) pr\u00e9vu \u00e0 Budapest (Hongrie) du 21 au 28 avril, avec l&rsquo;objectif\u00a0 de \u00ab\u00a0se frotter avec le haut niveau et gagner des points dans le classement mondial\u00a0\u00bb.<\/strong><\/p>\n<\/div>\n<div class=\"K2FeedFullText\">\n<p>Le pr\u00e9sident de la f\u00e9d\u00e9ration alg\u00e9rienne de tennis (FATT) Ch\u00e9rif Derkaoui a indiqu\u00e9 \u00e0 l&rsquo;APS que \u00ab\u00a0l&rsquo;Alg\u00e9rie est engag\u00e9e avec Sami Kherouf, Larbi Bouriah, et Aissa Belkadi, chez les messieurs, ainsi que Katia Kessasi, Linda Ghouraibi, et Widad Nouari chez les dames, sous la houlette de l&rsquo;entraineur Mustapha Bellahc\u00e8ne\u00a0\u00bb.<\/p>\n<blockquote>\n<p><em><strong>\u00ab\u00a0Ce rendez-vous international va enregistrer la participation des meilleurs athl\u00e8tes, ce sera une occasion pour nos sportifs de se frotter avec le haut niveau et tenter de passer le cap du premier tour. Nous allons aborder cette comp\u00e9tition avec la ferme d\u00e9termination de gagner des points suppl\u00e9mentaires en pr\u00e9vision du tirage au sort des prochaines \u00e9preuves africaines\u00a0\u00bb, a-t-il ajout\u00e9.<\/strong><\/em><\/p>\n<\/blockquote>\n<p>Le patron de la FATT a soulign\u00e9 que \u00ab\u00a0la pr\u00e9paration s&rsquo;est d\u00e9roul\u00e9e au centre de regroupement des \u00e9quipes nationales de Souidania. Le trio masculin s&rsquo;est entrain\u00e9 chez des clubs fran\u00e7ais pour am\u00e9liorer leur niveau\u00a0\u00bb.<\/p>\n<hr>\n<h3>Lire aussi:\u00a0<a href=\"http:\/\/www.aps.dz\/sport\/87203-tennis-de-table-championnat-d-algerie-une-dizaine-d-athletes-sacres\" target=\"_blank\" rel=\"noopener noreferrer\">Tennis de table\/Championnat d&rsquo;Alg\u00e9rie: une dizaine d\u2019athl\u00e8tes sacr\u00e9s<\/a><\/h3>\n<hr>\n<p>Ch\u00e9rif Derkaoui a pr\u00e9cis\u00e9 que le syst\u00e8me de qualification pour le championnat mondial sera modifi\u00e9 \u00e0 partir de 2021 ce qui va compliquer davantage\u00a0 \u00ab\u00a0notre mission pour se qualifier, d&rsquo;autant que le nombre de participants sera r\u00e9duit \u00e0 128 athl\u00e8tes. Les qualifications vont se d\u00e9rouler par zones, pour r\u00e9duire les d\u00e9penses pour le pays h\u00f4te\u00a0\u00bb.<\/p>\n<p>Enfin, le pr\u00e9sident de la FATT a affirm\u00e9 que \u00ab\u00a0le mondial entre dans le cadre du programme de son instance pour pr\u00e9parer les prochains Jeux africains 2019 au Maroc et gagner le maximum de points en vue des qualifications aux JO-2020 de Tokyo\u00a0\u00bb.<\/p>\n<p>Par ailleurs, ce championnat du monde verra la pr\u00e9sence de l&rsquo;arbitre international alg\u00e9rien et badge bleu Abdallah Boudjahem.<\/p>\n<\/div>\n<p><img loading=\"lazy\" decoding=\"async\" src=\"http:\/\/feeds.feedburner.com\/~r\/aps-sport\/~4\/8s9sQXLT1VM\" height=\"1\" width=\"1\" alt=\"\"><\/div>\n<p>Auteur:<br \/>\n<a href=\"http:\/\/www.aps.dz\/sport\/88328-tennis-de-table-mondial-2019-l-algerie-presente-avec-6-athletes?utm_source=feedburner&#038;utm_medium=feed&#038;utm_campaign=Feed%3A+aps-sport+%28APS+-+SPORT%29\">Cliquez ici pour lire l&rsquo;article depuis sa source.<\/a><\/p>\n","protected":false},"excerpt":{"rendered":"<p>ALGER &#8211; L&rsquo;Alg\u00e9rie sera repr\u00e9sent\u00e9e par 6 athl\u00e8tes, dont trois filles, au 55e championnat du monde de tennis de table (individuel et double) pr\u00e9vu \u00e0 Budapest (Hongrie) du 21 au 28 avril, avec l&rsquo;objectif\u00a0 de \u00ab\u00a0se frotter avec le haut niveau et gagner des points dans le classement mondial\u00a0\u00bb. Le pr\u00e9sident de la f\u00e9d\u00e9ration alg\u00e9rienne [&hellip;]<\/p>\n","protected":false},"author":1790,"featured_media":28994,"comment_status":"closed","ping_status":"closed","sticky":false,"template":"","format":"standard","meta":{"fifu_image_url":"","fifu_image_alt":"","footnotes":""},"categories":[53,75],"tags":[],"class_list":["post-28993","post","type-post","status-publish","format-standard","has-post-thumbnail","hentry","category-algerie","category-sport"],"_links":{"self":[{"href":"https:\/\/linitiative.ca\/International\/wp-json\/wp\/v2\/posts\/28993","targetHints":{"allow":["GET"]}}],"collection":[{"href":"https:\/\/linitiative.ca\/International\/wp-json\/wp\/v2\/posts"}],"about":[{"href":"https:\/\/linitiative.ca\/International\/wp-json\/wp\/v2\/types\/post"}],"author":[{"embeddable":true,"href":"https:\/\/linitiative.ca\/International\/wp-json\/wp\/v2\/users\/1790"}],"replies":[{"embeddable":true,"href":"https:\/\/linitiative.ca\/International\/wp-json\/wp\/v2\/comments?post=28993"}],"version-history":[{"count":0,"href":"https:\/\/linitiative.ca\/International\/wp-json\/wp\/v2\/posts\/28993\/revisions"}],"wp:featuredmedia":[{"embeddable":true,"href":"https:\/\/linitiative.ca\/International\/wp-json\/"}],"wp:attachment":[{"href":"https:\/\/linitiative.ca\/International\/wp-json\/wp\/v2\/media?parent=28993"}],"wp:term":[{"taxonomy":"category","embeddable":true,"href":"https:\/\/linitiative.ca\/International\/wp-json\/wp\/v2\/categories?post=28993"},{"taxonomy":"post_tag","embeddable":true,"href":"https:\/\/linitiative.ca\/International\/wp-json\/wp\/v2\/tags?post=28993"}],"curies":[{"name":"wp","href":"https:\/\/api.w.org\/{rel}","templated":true}]}}