{"id":28999,"date":"2019-04-20T09:57:01","date_gmt":"2019-04-20T13:57:01","guid":{"rendered":"https:\/\/linitiative.ca\/International\/88336-ag-elective-de-la-fabb-rabah-bouarifi-elu-president-jusqu-a-la-fin-du-mandat-olympique-en-cours\/"},"modified":"2019-04-20T09:57:01","modified_gmt":"2019-04-20T13:57:01","slug":"88336-ag-elective-de-la-fabb-rabah-bouarifi-elu-president-jusqu-a-la-fin-du-mandat-olympique-en-cours","status":"publish","type":"post","link":"https:\/\/linitiative.ca\/International\/88336-ag-elective-de-la-fabb-rabah-bouarifi-elu-president-jusqu-a-la-fin-du-mandat-olympique-en-cours\/","title":{"rendered":"FABB: Rabah Bouarifi \u00e9lu pr\u00e9sident jusqu&rsquo;\u00e0 la fin du mandat olympique en cours"},"content":{"rendered":"<div>\n<div class=\"K2FeedIntroText\">\n<p><strong>ALGER &#8211; Rabah Bouarifi a \u00e9t\u00e9 \u00e9lu \u00e0 l&rsquo;unanimit\u00e9 samedi \u00e0 la t\u00eate de la F\u00e9d\u00e9ration alg\u00e9rienne de Basket-ball (FABB) jusqu&rsquo;\u00e0 l&rsquo;expiration du mandat olympique en cours (2017-2020), lors de l&rsquo;assembl\u00e9e g\u00e9n\u00e9rale \u00e9lective (AGE) qui s&rsquo;est d\u00e9roul\u00e9e au si\u00e8ge du Comit\u00e9 olympique et sportif alg\u00e9rien (COA) \u00e0 Alger.<\/strong><\/p>\n<\/div>\n<div class=\"K2FeedFullText\">\n<p>Candidat unique au poste de pr\u00e9sident de la FABB, apr\u00e8s le rejet des bilans moral et financier du pr\u00e9sident Ali Slimani et de son bureau ex\u00e9cutif, lors de l&rsquo;AG ordinaire tenue le 14 mars dernier, Bouarifi sera \u00e0 la t\u00eate de l&rsquo;instance f\u00e9d\u00e9rale pour la deuxi\u00e8me fois de sa carri\u00e8re apr\u00e8s un premier mandat lors du cycle olympique (2013-2016).<\/p>\n<p>\u00ab\u00a0Je n&rsquo;ai jamais quitt\u00e9 la discipline, je suis un enfant du basket. Je tiens \u00e0 remercier les membres de l&rsquo;AG qui ont exprim\u00e9 leur volont\u00e9 en toute d\u00e9mocratie, de leur confiance\u00a0\u00bb, a d\u00e9clar\u00e9 Bouarifi \u00e0 l&rsquo;APS apr\u00e8s une \u00e9lection \u00e0 l&rsquo;unanimit\u00e9 et \u00e0 main lev\u00e9e des membres de l&rsquo;AG.<\/p>\n<p>\u00ab\u00a0Maintenant la priorit\u00e9 est de sauver la saison en cours avec la reprises des comp\u00e9titions nationales et le r\u00e8glement du litige avec les arbitres. Nous allons programmer incessamment une r\u00e9union avec les pr\u00e9sidents des clubs pour trouver une solution ad\u00e9quate\u00a0\u00bb, a-t-il ajout\u00e9.<\/p>\n<p>Bouarifi, dont le bilan moral avait \u00e9t\u00e9 rejet\u00e9 \u00e0 la fin de son mandat en 2017, \u00e9tait \u00e9galement sous le coup d&rsquo;une d\u00e9cision d&rsquo;in\u00e9gibilit\u00e9 du minist\u00e8re de la Jeunesse et des Sports sous El Hadi Ould Ali.<\/p>\n<p>Afin de pouvoir \u00eatre \u00e9lu \u00e0 la t\u00eate de la FABB, Bouarifi a \u00e9t\u00e9 r\u00e9habilit\u00e9 par les membres de l&rsquo;assembl\u00e9e g\u00e9n\u00e9rale de la FABB, r\u00e9unis le 13 mars en session extraordinaire (AGEx), profitant notamment de la d\u00e9cision du nouveau ministre Raouf Salim Bernaoui de r\u00e9tablir dans leurs droits les personnes \u00ab\u00a0injustement\u00a0\u00bb \u00e9cart\u00e9es par l&rsquo;administration.<\/p>\n<p>Les 58 membres pr\u00e9sents de l&rsquo;AG de la FABB, ont \u00e9galement \u00e9lu les membres du nouveau bureau ex\u00e9cutif compos\u00e9 de dix personnes, dans lequel figure d&rsquo;anciens joueurs internationaux \u00e0 l&rsquo;image de Abdellah Moulla et Amina Abderrezak.<\/p>\n<\/div>\n<p><img loading=\"lazy\" decoding=\"async\" src=\"http:\/\/feeds.feedburner.com\/~r\/aps-sport\/~4\/UyfuWAazKGI\" height=\"1\" width=\"1\" alt=\"\"><\/div>\n<p>Auteur:<br \/>\n<a href=\"http:\/\/www.aps.dz\/sport\/88336-ag-elective-de-la-fabb-rabah-bouarifi-elu-president-jusqu-a-la-fin-du-mandat-olympique-en-cours?utm_source=feedburner&#038;utm_medium=feed&#038;utm_campaign=Feed%3A+aps-sport+%28APS+-+SPORT%29\">Cliquez ici pour lire l&rsquo;article depuis sa source.<\/a><\/p>\n","protected":false},"excerpt":{"rendered":"<p>ALGER &#8211; Rabah Bouarifi a \u00e9t\u00e9 \u00e9lu \u00e0 l&rsquo;unanimit\u00e9 samedi \u00e0 la t\u00eate de la F\u00e9d\u00e9ration alg\u00e9rienne de Basket-ball (FABB) jusqu&rsquo;\u00e0 l&rsquo;expiration du mandat olympique en cours (2017-2020), lors de l&rsquo;assembl\u00e9e g\u00e9n\u00e9rale \u00e9lective (AGE) qui s&rsquo;est d\u00e9roul\u00e9e au si\u00e8ge du Comit\u00e9 olympique et sportif alg\u00e9rien (COA) \u00e0 Alger. Candidat unique au poste de pr\u00e9sident de [&hellip;]<\/p>\n","protected":false},"author":1790,"featured_media":0,"comment_status":"closed","ping_status":"closed","sticky":false,"template":"","format":"standard","meta":{"fifu_image_url":"","fifu_image_alt":"","footnotes":""},"categories":[53,75],"tags":[],"class_list":["post-28999","post","type-post","status-publish","format-standard","hentry","category-algerie","category-sport"],"_links":{"self":[{"href":"https:\/\/linitiative.ca\/International\/wp-json\/wp\/v2\/posts\/28999","targetHints":{"allow":["GET"]}}],"collection":[{"href":"https:\/\/linitiative.ca\/International\/wp-json\/wp\/v2\/posts"}],"about":[{"href":"https:\/\/linitiative.ca\/International\/wp-json\/wp\/v2\/types\/post"}],"author":[{"embeddable":true,"href":"https:\/\/linitiative.ca\/International\/wp-json\/wp\/v2\/users\/1790"}],"replies":[{"embeddable":true,"href":"https:\/\/linitiative.ca\/International\/wp-json\/wp\/v2\/comments?post=28999"}],"version-history":[{"count":0,"href":"https:\/\/linitiative.ca\/International\/wp-json\/wp\/v2\/posts\/28999\/revisions"}],"wp:attachment":[{"href":"https:\/\/linitiative.ca\/International\/wp-json\/wp\/v2\/media?parent=28999"}],"wp:term":[{"taxonomy":"category","embeddable":true,"href":"https:\/\/linitiative.ca\/International\/wp-json\/wp\/v2\/categories?post=28999"},{"taxonomy":"post_tag","embeddable":true,"href":"https:\/\/linitiative.ca\/International\/wp-json\/wp\/v2\/tags?post=28999"}],"curies":[{"name":"wp","href":"https:\/\/api.w.org\/{rel}","templated":true}]}}