{"id":29000,"date":"2019-04-20T10:00:28","date_gmt":"2019-04-20T14:00:28","guid":{"rendered":"https:\/\/linitiative.ca\/International\/88338-ag-elective-de-la-fabb-composante-du-nouveau-bureau-federal\/"},"modified":"2019-04-20T10:00:28","modified_gmt":"2019-04-20T14:00:28","slug":"88338-ag-elective-de-la-fabb-composante-du-nouveau-bureau-federal","status":"publish","type":"post","link":"https:\/\/linitiative.ca\/International\/88338-ag-elective-de-la-fabb-composante-du-nouveau-bureau-federal\/","title":{"rendered":"AG \u00e9lective de la FABB: composante du nouveau bureau f\u00e9d\u00e9ral"},"content":{"rendered":"<div>\n<div class=\"K2FeedImage\"><img decoding=\"async\" src=\"http:\/\/www.aps.dz\/media\/k2\/items\/cache\/658314a225c08077d9883a9c9563c598_S.jpg\" alt=\"AG \u00e9lective de la FABB: composante du nouveau bureau f\u00e9d\u00e9ral\"><\/div>\n<div class=\"K2FeedIntroText\">\n<p><strong>ALGER &#8211; Composante du bureau f\u00e9d\u00e9ral de la F\u00e9d\u00e9ration alg\u00e9rienne de basket-ball (FABB), \u00e0 l&rsquo;issue de l&rsquo;\u00e9lection de Rabah Bouarifi \u00e0 la t\u00eate de la l&rsquo;instance, lors de l&rsquo;assembl\u00e9e g\u00e9n\u00e9rale \u00e9lective tenue samedi au si\u00e8ge du Comit\u00e9 Olympique et sportif alg\u00e9rien (COA).<\/strong><\/p>\n<\/div>\n<div class=\"K2FeedFullText\">\n<p>\u00a0<\/p>\n<p><strong>Pr\u00e9sident de la FABB:<\/strong> Rabah Bouarifi.<\/p>\n<hr>\n<h3>Lire aussi:\u00a0<a href=\"http:\/\/www.aps.dz\/sport\/88336-ag-elective-de-la-fabb-rabah-bouarifi-elu-president-jusqu-a-la-fin-du-mandat-olympique-en-cours\" target=\"_blank\" rel=\"noopener noreferrer\">AG \u00e9lective de la FABB: Rabah Bouarifi \u00e9lu pr\u00e9sident jusqu&rsquo;\u00e0 la fin du mandat olympique en cours<\/a><\/h3>\n<hr>\n<p>\u00a0<\/p>\n<p><strong>Membres du bureau f\u00e9d\u00e9ral de la FABB:<\/strong><\/p>\n<p>&#8211; Mehdi Oucif: membre<\/p>\n<p>&#8211; Kamel Hamoutene: membre<\/p>\n<p>&#8211; M&rsquo;hamed Fellahi: membre<\/p>\n<p>&#8211; Amar Boukeloua: membre<\/p>\n<p>&#8211; Tarek Lekahel Ayat: membre<\/p>\n<p>&#8211; Abdellah Moula: membre<\/p>\n<p>&#8211; Nadjem Kaci: membre<\/p>\n<p>&#8211; Toufik Debagh: membre<\/p>\n<p>&#8211; Sihem Louzri: membre<\/p>\n<p>&#8211; Amina Abderrezak: membre.<\/p>\n<\/div>\n<p><img loading=\"lazy\" decoding=\"async\" src=\"http:\/\/feeds.feedburner.com\/~r\/aps-sport\/~4\/DrAhSXob-A8\" height=\"1\" width=\"1\" alt=\"\"><\/div>\n<p>Auteur:<br \/>\n<a href=\"http:\/\/www.aps.dz\/sport\/88338-ag-elective-de-la-fabb-composante-du-nouveau-bureau-federal?utm_source=feedburner&#038;utm_medium=feed&#038;utm_campaign=Feed%3A+aps-sport+%28APS+-+SPORT%29\">Cliquez ici pour lire l&rsquo;article depuis sa source.<\/a><\/p>\n","protected":false},"excerpt":{"rendered":"<p>ALGER &#8211; Composante du bureau f\u00e9d\u00e9ral de la F\u00e9d\u00e9ration alg\u00e9rienne de basket-ball (FABB), \u00e0 l&rsquo;issue de l&rsquo;\u00e9lection de Rabah Bouarifi \u00e0 la t\u00eate de la l&rsquo;instance, lors de l&rsquo;assembl\u00e9e g\u00e9n\u00e9rale \u00e9lective tenue samedi au si\u00e8ge du Comit\u00e9 Olympique et sportif alg\u00e9rien (COA). \u00a0 Pr\u00e9sident de la FABB: Rabah Bouarifi. Lire aussi:\u00a0AG \u00e9lective de la FABB: [&hellip;]<\/p>\n","protected":false},"author":1790,"featured_media":29001,"comment_status":"closed","ping_status":"closed","sticky":false,"template":"","format":"standard","meta":{"fifu_image_url":"","fifu_image_alt":"","footnotes":""},"categories":[53,75],"tags":[],"class_list":["post-29000","post","type-post","status-publish","format-standard","has-post-thumbnail","hentry","category-algerie","category-sport"],"_links":{"self":[{"href":"https:\/\/linitiative.ca\/International\/wp-json\/wp\/v2\/posts\/29000","targetHints":{"allow":["GET"]}}],"collection":[{"href":"https:\/\/linitiative.ca\/International\/wp-json\/wp\/v2\/posts"}],"about":[{"href":"https:\/\/linitiative.ca\/International\/wp-json\/wp\/v2\/types\/post"}],"author":[{"embeddable":true,"href":"https:\/\/linitiative.ca\/International\/wp-json\/wp\/v2\/users\/1790"}],"replies":[{"embeddable":true,"href":"https:\/\/linitiative.ca\/International\/wp-json\/wp\/v2\/comments?post=29000"}],"version-history":[{"count":0,"href":"https:\/\/linitiative.ca\/International\/wp-json\/wp\/v2\/posts\/29000\/revisions"}],"wp:featuredmedia":[{"embeddable":true,"href":"https:\/\/linitiative.ca\/International\/wp-json\/"}],"wp:attachment":[{"href":"https:\/\/linitiative.ca\/International\/wp-json\/wp\/v2\/media?parent=29000"}],"wp:term":[{"taxonomy":"category","embeddable":true,"href":"https:\/\/linitiative.ca\/International\/wp-json\/wp\/v2\/categories?post=29000"},{"taxonomy":"post_tag","embeddable":true,"href":"https:\/\/linitiative.ca\/International\/wp-json\/wp\/v2\/tags?post=29000"}],"curies":[{"name":"wp","href":"https:\/\/api.w.org\/{rel}","templated":true}]}}