{"id":29002,"date":"2019-04-20T10:01:11","date_gmt":"2019-04-20T14:01:11","guid":{"rendered":"https:\/\/linitiative.ca\/International\/88340-can-de-futsal-2020-eliminatoires-algerie-libye-au-tour-preliminaire\/"},"modified":"2019-04-20T10:01:11","modified_gmt":"2019-04-20T14:01:11","slug":"88340-can-de-futsal-2020-eliminatoires-algerie-libye-au-tour-preliminaire","status":"publish","type":"post","link":"https:\/\/linitiative.ca\/International\/88340-can-de-futsal-2020-eliminatoires-algerie-libye-au-tour-preliminaire\/","title":{"rendered":"CAN de Futsal 2020 (\u00e9liminatoires) :\u00a0 Alg\u00e9rie &#8211; Libye au tour pr\u00e9liminaire"},"content":{"rendered":"<div>\n<div class=\"K2FeedImage\"><img decoding=\"async\" src=\"http:\/\/www.aps.dz\/media\/k2\/items\/cache\/907f0b22d2ed1391df9dc4579a7f20ea_S.jpg\" alt=\"CAN de Futsal 2020 (\u00e9liminatoires) :\u00a0 Alg\u00e9rie - Libye au tour pr\u00e9liminaire\"><\/div>\n<div class=\"K2FeedIntroText\">\n<p>LE CAIRE- L&rsquo;Alg\u00e9rie affrontera la Libye au tour pr\u00e9liminaire des \u00e9liminatoires de la Coupe d\u2019Afrique des Nations de Futsal, Maroc 2020, selon le programme publi\u00e9 ce samedi par la Conf\u00e9d\u00e9ration africaine de football (CAF).<\/p>\n<\/div>\n<div class=\"K2FeedFullText\">\n<blockquote>\n<p><em><strong>Conform\u00e9ment au calendrier international de la FIFA, le tournoi final aura lieu entre le 28 janvier et le 9 f\u00e9vrier 2020. Les dates pr\u00e9cises seront confirm\u00e9es ult\u00e9rieurement.<\/strong><\/em><\/p>\n<\/blockquote>\n<p>L&rsquo;Egypte et le Mozambique sont exempt\u00e9s de ce tour pr\u00e9liminaire dont les matches aller se joueront le 21 octobre 2019 (aller) tandis que les matches retour se tiendront le 30 octobre 2019 (retour).<\/p>\n<p>\u00a0<\/p>\n<p>\u00a0\u00a0<\/p>\n<p><strong>Tour pr\u00e9liminaire<\/strong><\/p>\n<p>\u00a0<\/p>\n<ol>\n<li>Cap Vert &#8211; Guin\u00e9e<\/li>\n<li>Alg\u00e9rie &#8211; Libye<\/li>\n<li>Guin\u00e9e Equatoriale &#8211; Cameroun<\/li>\n<li>Ile Maurice &#8211; Afrique du Sud<\/li>\n<li>Zambie &#8211; Angola<\/li>\n<\/ol>\n<\/div>\n<p><img loading=\"lazy\" decoding=\"async\" src=\"http:\/\/feeds.feedburner.com\/~r\/aps-sport\/~4\/mLBb6Y6JjzY\" height=\"1\" width=\"1\" alt=\"\"><\/div>\n<p>Auteur:<br \/>\n<a href=\"http:\/\/www.aps.dz\/sport\/88340-can-de-futsal-2020-eliminatoires-algerie-libye-au-tour-preliminaire?utm_source=feedburner&#038;utm_medium=feed&#038;utm_campaign=Feed%3A+aps-sport+%28APS+-+SPORT%29\">Cliquez ici pour lire l&rsquo;article depuis sa source.<\/a><\/p>\n","protected":false},"excerpt":{"rendered":"<p>LE CAIRE- L&rsquo;Alg\u00e9rie affrontera la Libye au tour pr\u00e9liminaire des \u00e9liminatoires de la Coupe d\u2019Afrique des Nations de Futsal, Maroc 2020, selon le programme publi\u00e9 ce samedi par la Conf\u00e9d\u00e9ration africaine de football (CAF). Conform\u00e9ment au calendrier international de la FIFA, le tournoi final aura lieu entre le 28 janvier et le 9 f\u00e9vrier 2020. [&hellip;]<\/p>\n","protected":false},"author":1790,"featured_media":29003,"comment_status":"closed","ping_status":"closed","sticky":false,"template":"","format":"standard","meta":{"fifu_image_url":"","fifu_image_alt":"","footnotes":""},"categories":[53,75],"tags":[],"class_list":["post-29002","post","type-post","status-publish","format-standard","has-post-thumbnail","hentry","category-algerie","category-sport"],"_links":{"self":[{"href":"https:\/\/linitiative.ca\/International\/wp-json\/wp\/v2\/posts\/29002","targetHints":{"allow":["GET"]}}],"collection":[{"href":"https:\/\/linitiative.ca\/International\/wp-json\/wp\/v2\/posts"}],"about":[{"href":"https:\/\/linitiative.ca\/International\/wp-json\/wp\/v2\/types\/post"}],"author":[{"embeddable":true,"href":"https:\/\/linitiative.ca\/International\/wp-json\/wp\/v2\/users\/1790"}],"replies":[{"embeddable":true,"href":"https:\/\/linitiative.ca\/International\/wp-json\/wp\/v2\/comments?post=29002"}],"version-history":[{"count":0,"href":"https:\/\/linitiative.ca\/International\/wp-json\/wp\/v2\/posts\/29002\/revisions"}],"wp:featuredmedia":[{"embeddable":true,"href":"https:\/\/linitiative.ca\/International\/wp-json\/"}],"wp:attachment":[{"href":"https:\/\/linitiative.ca\/International\/wp-json\/wp\/v2\/media?parent=29002"}],"wp:term":[{"taxonomy":"category","embeddable":true,"href":"https:\/\/linitiative.ca\/International\/wp-json\/wp\/v2\/categories?post=29002"},{"taxonomy":"post_tag","embeddable":true,"href":"https:\/\/linitiative.ca\/International\/wp-json\/wp\/v2\/tags?post=29002"}],"curies":[{"name":"wp","href":"https:\/\/api.w.org\/{rel}","templated":true}]}}