{"id":29010,"date":"2019-04-20T14:26:00","date_gmt":"2019-04-20T18:26:00","guid":{"rendered":"https:\/\/linitiative.ca\/International\/prochaine-saison-estivale-a-oran-trois-nouvelles-plages-autorisees-a-la-baignade\/"},"modified":"2019-04-20T14:26:00","modified_gmt":"2019-04-20T18:26:00","slug":"prochaine-saison-estivale-a-oran-trois-nouvelles-plages-autorisees-a-la-baignade","status":"publish","type":"post","link":"https:\/\/linitiative.ca\/International\/prochaine-saison-estivale-a-oran-trois-nouvelles-plages-autorisees-a-la-baignade\/","title":{"rendered":"PROCHAINE SAISON ESTIVALE A ORAN : Trois nouvelles plages autoris\u00e9es \u00e0 la baignade"},"content":{"rendered":"<p><br id=\"sep_para_1\" class=\"sep_para access\"\/><\/p>\n<div id=\"para_1\" class=\"para_30516913 resize\">\n<div class=\"texte access firstletter\">L\u2019on apprendra, \u00e0 ce propos, que ce projet dont les travaux ont \u00e9t\u00e9 confi\u00e9s \u00e0 une entreprise turque sera r\u00e9ceptionn\u00e9 au mois d\u2019ao\u00fbt prochain. Il sera dot\u00e9 d\u2019un grand parking dont la gestion sera assur\u00e9e par l\u2019EPIC Oran vert, ce qui permettra \u00e0 cette derni\u00e8re, de renforcer ses ressources financi\u00e8res, explique le responsable. La plage \u00abLes Gen\u00eats \u00bb am\u00e9nag\u00e9e en bas des falaises des gen\u00eats est appel\u00e9e \u00e0 devenir l\u2019une des meilleures destinations touristiques de l\u2019Ouest. Elle s\u2019\u00e9tend sur une superficie de 4 hectares et sera dot\u00e9e des \u00e9quipements n\u00e9cessaires au confort des estivants, entre autres les douches, les sanitaires, les postes de surveillance de la Protection civile, de la police et un grand parking surveill\u00e9. Il faut savoir que cette zone accueillera bient\u00f4t de nouvelles\u00a0 r\u00e9alisations dont le gigantesque projet de r\u00e9alisation d\u2019une route reliant le port d\u2019Oran \u00e0 l\u2019autoroute Est-Ouest dont les travaux ont atteint un taux de 70%. Une fois livr\u00e9e, cette liaison autorouti\u00e8re permettra, le d\u00e9sengorgement du trafic routier du poids lourd et facilitera la circulation \u00e0\u00a0 travers les diff\u00e9rents axes de la ville tout en apportant une touche moderne et esth\u00e9tique \u00e0 cette derni\u00e8re. La r\u00e9ception de ces travaux est pr\u00e9vue pour l\u2019ann\u00e9e prochaine. Le projet comprend un trac\u00e9, notamment deux tunnels et un ouvrage d\u2019art. Le chantier lanc\u00e9 en 2014 a \u00e9t\u00e9 confi\u00e9 \u00e0 un groupement alg\u00e9ro-turc \u00ab Makyol \u00bb. Il m\u00e9rite de souligner, qu\u2019un autre projet similaire (plage artificielle) a \u00e9t\u00e9 annonc\u00e9 \u00e0 Oran et porte sur le r\u00e9am\u00e9nagement de la place EL Manar (Ex Saint-Michel) sur la corniche d\u2019Arzew. Selon l\u2019\u00e9tude technique, il s\u2019agit de l\u2019am\u00e9nagement d\u2019une plage sur un p\u00e9rim\u00e8tre de 5.000 m\u00e8tres2 qui devrait \u00eatre situ\u00e9e sur le prolongement imm\u00e9diat d\u2019une structure h\u00f4teli\u00e8re d\u2019une cat\u00e9gorie de 4 \u00e9toles. Ce projet s\u2019inscrit dans le cadre d\u2019une vision de d\u00e9veloppement des structures et \u00e9quipements h\u00f4teliers dans les zones touristiques de l\u2019Est de la wilaya. Les services des APC concern\u00e9es ont \u00e9t\u00e9 instruits de proc\u00e9der \u00e0 la r\u00e9paration des \u00e9quipements d\u00e9fectueux de l&rsquo;ann\u00e9e derni\u00e8re et les r\u00e9installer au niveau de leurs plages. Ces \u00e9quipements en structures l\u00e9g\u00e8res seront distribu\u00e9s en quantit\u00e9s suffisantes, en fonction du taux de fr\u00e9quentation des plages.<\/div>\n<\/div>\n<p>Auteur: Medjadji Habib<br \/>\n<a href=\"https:\/\/www.reflexiondz.net\/PROCHAINE-SAISON-ESTIVALE-A-ORAN-Trois-nouvelles-plages-autorisees-a-la-baignade_a55461.html\">Cliquez ici pour lire l&rsquo;article depuis sa source.<\/a><\/p>\n","protected":false},"excerpt":{"rendered":"<p>L\u2019on apprendra, \u00e0 ce propos, que ce projet dont les travaux ont \u00e9t\u00e9 confi\u00e9s \u00e0 une entreprise turque sera r\u00e9ceptionn\u00e9 au mois d\u2019ao\u00fbt prochain. Il sera dot\u00e9 d\u2019un grand parking dont la gestion sera assur\u00e9e par l\u2019EPIC Oran vert, ce qui permettra \u00e0 cette derni\u00e8re, de renforcer ses ressources financi\u00e8res, explique le responsable. La plage [&hellip;]<\/p>\n","protected":false},"author":1740,"featured_media":0,"comment_status":"closed","ping_status":"closed","sticky":false,"template":"","format":"standard","meta":{"fifu_image_url":"","fifu_image_alt":"","footnotes":""},"categories":[53,76],"tags":[],"class_list":["post-29010","post","type-post","status-publish","format-standard","hentry","category-algerie","category-regions"],"_links":{"self":[{"href":"https:\/\/linitiative.ca\/International\/wp-json\/wp\/v2\/posts\/29010","targetHints":{"allow":["GET"]}}],"collection":[{"href":"https:\/\/linitiative.ca\/International\/wp-json\/wp\/v2\/posts"}],"about":[{"href":"https:\/\/linitiative.ca\/International\/wp-json\/wp\/v2\/types\/post"}],"author":[{"embeddable":true,"href":"https:\/\/linitiative.ca\/International\/wp-json\/wp\/v2\/users\/1740"}],"replies":[{"embeddable":true,"href":"https:\/\/linitiative.ca\/International\/wp-json\/wp\/v2\/comments?post=29010"}],"version-history":[{"count":0,"href":"https:\/\/linitiative.ca\/International\/wp-json\/wp\/v2\/posts\/29010\/revisions"}],"wp:attachment":[{"href":"https:\/\/linitiative.ca\/International\/wp-json\/wp\/v2\/media?parent=29010"}],"wp:term":[{"taxonomy":"category","embeddable":true,"href":"https:\/\/linitiative.ca\/International\/wp-json\/wp\/v2\/categories?post=29010"},{"taxonomy":"post_tag","embeddable":true,"href":"https:\/\/linitiative.ca\/International\/wp-json\/wp\/v2\/tags?post=29010"}],"curies":[{"name":"wp","href":"https:\/\/api.w.org\/{rel}","templated":true}]}}