{"id":29012,"date":"2019-04-20T14:32:00","date_gmt":"2019-04-20T18:32:00","guid":{"rendered":"https:\/\/linitiative.ca\/International\/presidence-de-la-republique-le-dg-des-douanes-farouk-bahamid-limoge\/"},"modified":"2019-04-20T14:32:00","modified_gmt":"2019-04-20T18:32:00","slug":"presidence-de-la-republique-le-dg-des-douanes-farouk-bahamid-limoge","status":"publish","type":"post","link":"https:\/\/linitiative.ca\/International\/presidence-de-la-republique-le-dg-des-douanes-farouk-bahamid-limoge\/","title":{"rendered":"PRESIDENCE DE LA REPUBLIQUE : Le DG des douanes, Farouk Bahamid limog\u00e9 !"},"content":{"rendered":"<p><br id=\"sep_para_1\" class=\"sep_para access\"\/><\/p>\n<div id=\"para_1\" class=\"para_30516977 resize\">\n<div class=\"texte access firstletter\">MM. Mohammed Ouaret et Ammar Hiouani ont \u00e9t\u00e9 nomm\u00e9s samedi, respectivement directeur g\u00e9n\u00e9ral des Douanes et Gouverneur de la Banque d\u2019Alg\u00e9rie par int\u00e9rim, indique un communiqu\u00e9 de la Pr\u00e9sidence de la R\u00e9publique. \u00ab Le chef de l\u2019Etat, Abdelkader Bensalah, a d\u00e9cid\u00e9, ce jour samedi 20 avril 2019, la nomination de M. Mohammed Ouaret \u00e0 la fonction de directeur g\u00e9n\u00e9ral des Douanes en remplacement de M. Farouk Bahamed dont la fin de fonction est prononc\u00e9e \u00bb, pr\u00e9cise le communiqu\u00e9. Le chef de l\u2019Etat a \u00e9galement \u00ab charg\u00e9, ce jour, samedi, M. Ammar Hiouani, Vice-Gouverneur, de l\u2019int\u00e9rim du Gouverneur de la Banque d\u2019Alg\u00e9rie \u00bb, ajoute la m\u00eame source.\u00a0<\/div>\n<\/div>\n<p>Auteur: Nadine<br \/>\n<a href=\"https:\/\/www.reflexiondz.net\/PRESIDENCE-DE-LA-REPUBLIQUE-Le-DG-des-douanes-Farouk-Bahamid-limoge-_a55474.html\">Cliquez ici pour lire l&rsquo;article depuis sa source.<\/a><\/p>\n","protected":false},"excerpt":{"rendered":"<p>MM. Mohammed Ouaret et Ammar Hiouani ont \u00e9t\u00e9 nomm\u00e9s samedi, respectivement directeur g\u00e9n\u00e9ral des Douanes et Gouverneur de la Banque d\u2019Alg\u00e9rie par int\u00e9rim, indique un communiqu\u00e9 de la Pr\u00e9sidence de la R\u00e9publique. \u00ab Le chef de l\u2019Etat, Abdelkader Bensalah, a d\u00e9cid\u00e9, ce jour samedi 20 avril 2019, la nomination de M. Mohammed Ouaret \u00e0 la [&hellip;]<\/p>\n","protected":false},"author":1740,"featured_media":0,"comment_status":"closed","ping_status":"closed","sticky":false,"template":"","format":"standard","meta":{"fifu_image_url":"","fifu_image_alt":"","footnotes":""},"categories":[53,76],"tags":[],"class_list":["post-29012","post","type-post","status-publish","format-standard","hentry","category-algerie","category-regions"],"_links":{"self":[{"href":"https:\/\/linitiative.ca\/International\/wp-json\/wp\/v2\/posts\/29012","targetHints":{"allow":["GET"]}}],"collection":[{"href":"https:\/\/linitiative.ca\/International\/wp-json\/wp\/v2\/posts"}],"about":[{"href":"https:\/\/linitiative.ca\/International\/wp-json\/wp\/v2\/types\/post"}],"author":[{"embeddable":true,"href":"https:\/\/linitiative.ca\/International\/wp-json\/wp\/v2\/users\/1740"}],"replies":[{"embeddable":true,"href":"https:\/\/linitiative.ca\/International\/wp-json\/wp\/v2\/comments?post=29012"}],"version-history":[{"count":0,"href":"https:\/\/linitiative.ca\/International\/wp-json\/wp\/v2\/posts\/29012\/revisions"}],"wp:attachment":[{"href":"https:\/\/linitiative.ca\/International\/wp-json\/wp\/v2\/media?parent=29012"}],"wp:term":[{"taxonomy":"category","embeddable":true,"href":"https:\/\/linitiative.ca\/International\/wp-json\/wp\/v2\/categories?post=29012"},{"taxonomy":"post_tag","embeddable":true,"href":"https:\/\/linitiative.ca\/International\/wp-json\/wp\/v2\/tags?post=29012"}],"curies":[{"name":"wp","href":"https:\/\/api.w.org\/{rel}","templated":true}]}}