{"id":29021,"date":"2019-04-20T15:42:46","date_gmt":"2019-04-20T19:42:46","guid":{"rendered":"https:\/\/linitiative.ca\/International\/ahmed-ouyahia-et-mohamed-loukal-convoques-par-le-tribunal-de-sidi-mhamed\/"},"modified":"2019-04-20T15:42:46","modified_gmt":"2019-04-20T19:42:46","slug":"ahmed-ouyahia-et-mohamed-loukal-convoques-par-le-tribunal-de-sidi-mhamed","status":"publish","type":"post","link":"https:\/\/linitiative.ca\/International\/ahmed-ouyahia-et-mohamed-loukal-convoques-par-le-tribunal-de-sidi-mhamed\/","title":{"rendered":"Ahmed Ouyahia et Mohamed Loukal convoqu\u00e9s par le tribunal de Sidi M\u2019hamed"},"content":{"rendered":"<h4 class=\"title-14\"\/>\n<div class=\"featured_image\"><img width=\"504\" height=\"516\" data-cfsrc=\"https:\/\/www.elwatan.com\/wp-content\/uploads\/2019\/04\/Capture-ouyahia-loukal.jpg\" class=\"attachment-post-thumbnail size-post-thumbnail wp-post-image c1\" alt=\"\" srcset=\"https:\/\/www.elwatan.com\/wp-content\/uploads\/2019\/04\/Capture-ouyahia-loukal.jpg 504w, https:\/\/www.elwatan.com\/wp-content\/uploads\/2019\/04\/Capture-ouyahia-loukal-293x300.jpg 293w\" sizes=\"(max-width: 504px) 100vw, 504px\"\/><noscript><\/p>\n<p><img loading=\"lazy\" decoding=\"async\" width=\"504\" height=\"516\" src=\"https:\/\/www.elwatan.com\/wp-content\/uploads\/2019\/04\/Capture-ouyahia-loukal.jpg\" class=\"attachment-post-thumbnail size-post-thumbnail wp-post-image\" alt=\"\" srcset=\"https:\/\/www.elwatan.com\/wp-content\/uploads\/2019\/04\/Capture-ouyahia-loukal.jpg 504w, https:\/\/www.elwatan.com\/wp-content\/uploads\/2019\/04\/Capture-ouyahia-loukal-293x300.jpg 293w\" sizes=\"auto, (max-width: 504px) 100vw, 504px\"\/><\/p>\n<p><\/noscript><\/div>\n<p>Ahmed Ouyahia, ex premier ministre, et Mohamed Loukal, ministre des Finances et ex gouverneur de la Banque d\u2019Alg\u00e9rie ont \u00e9t\u00e9 convoqu\u00e9s aujourd\u2019hui par le tribunal de Sidi M\u2019hamed (Alger).<\/p>\n<p>Selon la t\u00e9l\u00e9vision publique (ENTV), qui a donn\u00e9 l\u2019information au journal de 20h00, Ouyahia et Loukal ont \u00e9t\u00e9 convoqu\u00e9s dans le cadre d\u2019une enqu\u00eate sur des affaires de \u00ab\u00a0dilapidation de deniers publics\u00a0\u00bb et de\u00a0 \u00ab\u00a0privil\u00e8ges indus\u00a0\u00bb.<\/p>\n<div class=\"yuzo_related_post style-1\" data-version=\"5.12.88\">\n<p><h3>Related Post<\/h3>\n<\/p>\n<div class=\"yuzo_wraps\">\n<div class=\"relatedthumb relatedpost-556241 c12\"><a href=\"https:\/\/www.elwatan.com\/edition\/actualite\/ouyahia-affirme-que-bouteflika-est-candidat-a-la-presidentielle-02-02-2019\"\/><\/p>\n<p><span class=\"yuzo__text--title c11\">Ouyahia affirme que Bouteflika est candidat \u00e0 la p&#8230;<\/span><\/div>\n<div class=\"relatedthumb relatedpost-161334 c12\"><a href=\"https:\/\/www.elwatan.com\/edition\/economie\/le-conseil-de-la-monnaie-et-du-credit-decide-de-doubler-le-capital-minimum-des-banques-17-11-2018\"\/><\/p>\n<p><span class=\"yuzo__text--title c11\">Le Conseil de la monnaie et du cr\u00e9dit d\u00e9cide de do&#8230;<\/span><\/div>\n<div class=\"relatedthumb relatedpost-558988 c12\"><a href=\"https:\/\/www.elwatan.com\/edition\/actualite\/declaration-de-politique-generale-du-gouvernement-des-annonces-repetees-et-des-chiffres-18-02-2019\"\/><\/p>\n<p><span class=\"yuzo__text--title c11\">D\u00e9claration de politique g\u00e9n\u00e9rale du gouvernement &#8230;<\/span><\/div>\n<\/div>\n<\/div>\n<p><span class=\"post-views-label\">Post Views:<\/span> <span class=\"post-views-count\">2\u00a0218<\/span><\/p>\n<p>Auteur: Farouk Djouadi<br \/>\n<a href=\"https:\/\/www.elwatan.com\/edition\/actualite\/ahmed-ouyahia-et-mohamed-loukal-convoques-par-le-tribunal-de-sidi-mhamed-20-04-2019\">Cliquez ici pour lire l&rsquo;article depuis sa source.<\/a><\/p>\n","protected":false},"excerpt":{"rendered":"<p>Ahmed Ouyahia, ex premier ministre, et Mohamed Loukal, ministre des Finances et ex gouverneur de la Banque d\u2019Alg\u00e9rie ont \u00e9t\u00e9 convoqu\u00e9s aujourd\u2019hui par le tribunal de Sidi M\u2019hamed (Alger). Selon la t\u00e9l\u00e9vision publique (ENTV), qui a donn\u00e9 l\u2019information au journal de 20h00, Ouyahia et Loukal ont \u00e9t\u00e9 convoqu\u00e9s dans le cadre d\u2019une enqu\u00eate sur des [&hellip;]<\/p>\n","protected":false},"author":1743,"featured_media":29022,"comment_status":"closed","ping_status":"closed","sticky":false,"template":"","format":"standard","meta":{"fifu_image_url":"","fifu_image_alt":"","footnotes":""},"categories":[73,53],"tags":[],"class_list":["post-29021","post","type-post","status-publish","format-standard","has-post-thumbnail","hentry","category-actualite","category-algerie"],"_links":{"self":[{"href":"https:\/\/linitiative.ca\/International\/wp-json\/wp\/v2\/posts\/29021","targetHints":{"allow":["GET"]}}],"collection":[{"href":"https:\/\/linitiative.ca\/International\/wp-json\/wp\/v2\/posts"}],"about":[{"href":"https:\/\/linitiative.ca\/International\/wp-json\/wp\/v2\/types\/post"}],"author":[{"embeddable":true,"href":"https:\/\/linitiative.ca\/International\/wp-json\/wp\/v2\/users\/1743"}],"replies":[{"embeddable":true,"href":"https:\/\/linitiative.ca\/International\/wp-json\/wp\/v2\/comments?post=29021"}],"version-history":[{"count":0,"href":"https:\/\/linitiative.ca\/International\/wp-json\/wp\/v2\/posts\/29021\/revisions"}],"wp:featuredmedia":[{"embeddable":true,"href":"https:\/\/linitiative.ca\/International\/wp-json\/"}],"wp:attachment":[{"href":"https:\/\/linitiative.ca\/International\/wp-json\/wp\/v2\/media?parent=29021"}],"wp:term":[{"taxonomy":"category","embeddable":true,"href":"https:\/\/linitiative.ca\/International\/wp-json\/wp\/v2\/categories?post=29021"},{"taxonomy":"post_tag","embeddable":true,"href":"https:\/\/linitiative.ca\/International\/wp-json\/wp\/v2\/tags?post=29021"}],"curies":[{"name":"wp","href":"https:\/\/api.w.org\/{rel}","templated":true}]}}