{"id":29028,"date":"2019-04-20T06:00:00","date_gmt":"2019-04-20T10:00:00","guid":{"rendered":"https:\/\/linitiative.ca\/International\/masques-special-peaux-grasses-et-seches\/"},"modified":"2019-04-20T06:00:00","modified_gmt":"2019-04-20T10:00:00","slug":"masques-special-peaux-grasses-et-seches","status":"publish","type":"post","link":"https:\/\/linitiative.ca\/International\/masques-special-peaux-grasses-et-seches\/","title":{"rendered":"Masques sp\u00e9cial peaux grasses et s\u00e8ches"},"content":{"rendered":"<p><strong>Masque citron et miel (sp\u00e9cial peaux grasses)<\/strong><br \/><strong>Ingr\u00e9dients<\/strong><\/p>\n<p>&#8211; 1 bonne cuill\u00e8re \u00e0 soupe de miel mille fleurs<br \/>&#8211; 2 cuill\u00e8res \u00e0 caf\u00e9 de jus de citron<\/p>\n<p><strong>Conseil d&rsquo;utilisation<\/strong><br \/>Appliquez cette pr\u00e9paration sur la peau de votre visage. Laissez poser 15 minutes environ puis rincez \u00e0 l&rsquo;eau ti\u00e8de.<\/p>\n<p><strong>Masque argile et miel (sp\u00e9cial peaux grasses)<\/strong><br \/><strong>Ingr\u00e9dients<\/strong><\/p>\n<p>&#8211; 3 cuill\u00e8res \u00e0 soupe d&rsquo;argile verte en poudre<br \/>&#8211; 1 cuill\u00e8re \u00e0 soupe de jus de citron<br \/>&#8211; 1 cuill\u00e8re \u00e0 soupe de miel<br \/><strong>Conseil d&rsquo;utilisation<\/strong><br \/>M\u00e9langez l&rsquo;argile, le miel et le citron.<br \/>Appliquez sur le visage, laissez agir 20 minutes, puis rincez \u00e0 l&rsquo;eau ti\u00e8de.<\/p>\n<p><strong>Masque avocat et miel (sp\u00e9cial peaux s\u00e8ches)<\/strong><br \/><strong>Ingr\u00e9dients<\/strong><\/p>\n<p>&#8211; 1\/2 avocat<br \/>&#8211; 2 cuill\u00e8res \u00e0 soupe de miel<br \/><strong>Conseil d&rsquo;utilisation<\/strong><br \/>M\u00e9langez bien les ingr\u00e9dients. Appliquez sur<br \/>votre visage, laissez poser 10 minutes puis<br \/>rincez \u00e0 l&rsquo;eau ti\u00e8de.<\/p>\n<p><strong>Masque banane et miel (sp\u00e9cial peaux s\u00e8ches)<\/strong><br \/><strong>Ingr\u00e9dients<\/strong><br \/>&#8211; 1 banane<br \/>&#8211; 1 cuill\u00e8re \u00e0 caf\u00e9 de miel<br \/>&#8211; 1 cuill\u00e8re \u00e0 caf\u00e9 d&rsquo;huile d&rsquo;amande douce<\/p>\n<p><strong>Conseil d&rsquo;utilisation :<\/strong><br \/>Ecrasez finement la banane bien m\u00fbre.<br \/>Ajoutez le miel et l&rsquo;huile d&rsquo;amande douce.<br \/>Appliquez cette pr\u00e9paration sur le visage,<br \/>laissez posez environ 15 minutes puis rincez.<\/p>\n<p><strong>Masque au lait\u00a0(sp\u00e9cial peaux s\u00e8ches)<\/strong><br \/><strong>Ingr\u00e9dients<\/strong><\/p>\n<p>&#8211; 2 cuill\u00e8res \u00e0 soupe de lait concentr\u00e9 sucr\u00e9<br \/>&#8211; 2 cuill\u00e8res \u00e0 soupe de miel \u00e9pais<br \/>&#8211; Un peu de cr\u00e8me fra\u00eeche \u00e9paisse<br \/><strong>Conseil d&rsquo;utilisation<\/strong><br \/>M\u00e9langez le lait et le miel. Liez avec la<br \/>cr\u00e8me fra\u00eeche. Appliquez en couche \u00e9paisse<br \/>sur votre visage. Laissez poser 20 minutes<br \/>puis rincez \u00e0 l&rsquo;eau ti\u00e8de.<\/p>\n<p>Auteur:<br \/>\n<a href=\"https:\/\/www.lesoirdalgerie.com\/femme-magazine\/masques-special-peaux-grasses-et-seches-22561\">Cliquez ici pour lire l&rsquo;article depuis sa source.<\/a><\/p>\n","protected":false},"excerpt":{"rendered":"<p>Masque citron et miel (sp\u00e9cial peaux grasses)Ingr\u00e9dients &#8211; 1 bonne cuill\u00e8re \u00e0 soupe de miel mille fleurs&#8211; 2 cuill\u00e8res \u00e0 caf\u00e9 de jus de citron Conseil d&rsquo;utilisationAppliquez cette pr\u00e9paration sur la peau de votre visage. Laissez poser 15 minutes environ puis rincez \u00e0 l&rsquo;eau ti\u00e8de. Masque argile et miel (sp\u00e9cial peaux grasses)Ingr\u00e9dients &#8211; 3 cuill\u00e8res [&hellip;]<\/p>\n","protected":false},"author":1741,"featured_media":0,"comment_status":"closed","ping_status":"closed","sticky":false,"template":"","format":"standard","meta":{"fifu_image_url":"","fifu_image_alt":"","footnotes":""},"categories":[73,53],"tags":[],"class_list":["post-29028","post","type-post","status-publish","format-standard","hentry","category-actualite","category-algerie"],"_links":{"self":[{"href":"https:\/\/linitiative.ca\/International\/wp-json\/wp\/v2\/posts\/29028","targetHints":{"allow":["GET"]}}],"collection":[{"href":"https:\/\/linitiative.ca\/International\/wp-json\/wp\/v2\/posts"}],"about":[{"href":"https:\/\/linitiative.ca\/International\/wp-json\/wp\/v2\/types\/post"}],"author":[{"embeddable":true,"href":"https:\/\/linitiative.ca\/International\/wp-json\/wp\/v2\/users\/1741"}],"replies":[{"embeddable":true,"href":"https:\/\/linitiative.ca\/International\/wp-json\/wp\/v2\/comments?post=29028"}],"version-history":[{"count":0,"href":"https:\/\/linitiative.ca\/International\/wp-json\/wp\/v2\/posts\/29028\/revisions"}],"wp:attachment":[{"href":"https:\/\/linitiative.ca\/International\/wp-json\/wp\/v2\/media?parent=29028"}],"wp:term":[{"taxonomy":"category","embeddable":true,"href":"https:\/\/linitiative.ca\/International\/wp-json\/wp\/v2\/categories?post=29028"},{"taxonomy":"post_tag","embeddable":true,"href":"https:\/\/linitiative.ca\/International\/wp-json\/wp\/v2\/tags?post=29028"}],"curies":[{"name":"wp","href":"https:\/\/api.w.org\/{rel}","templated":true}]}}