{"id":29031,"date":"2019-04-19T18:50:38","date_gmt":"2019-04-19T22:50:38","guid":{"rendered":"https:\/\/linitiative.ca\/International\/assises-de-la-fiscalite-les-propositions-de-la-cgem\/"},"modified":"2019-04-19T18:50:38","modified_gmt":"2019-04-19T22:50:38","slug":"assises-de-la-fiscalite-les-propositions-de-la-cgem","status":"publish","type":"post","link":"https:\/\/linitiative.ca\/International\/assises-de-la-fiscalite-les-propositions-de-la-cgem\/","title":{"rendered":"Assises de la fiscalit\u00e9 : les propositions de la CGEM"},"content":{"rendered":"<p>Les propositions de la CGEM\u00a0aux prochaines <strong>assises de la<\/strong> <strong>fiscalit\u00e9,<\/strong> pr\u00e9vues les 3 et 4 mai prochain \u00e0 Skhirat, ont \u00e9t\u00e9 finalement d\u00e9voil\u00e9es avec plus de d\u00e9tails.<\/p>\n<div class=\"c10\"\/>\n<p>La <strong>CGEM<\/strong>, en tant que porte-parole de l\u2019entreprise au Maroc, a \u00e9t\u00e9 consult\u00e9e par l\u2019Administration pour remonter sa vision et sa contribution sur la r\u00e9forme fiscale marocaine dans le cadre des 3\u00e8mes Assises fiscales. On a droit, aujourd\u2019hui, \u00e0 plus d\u2019informations avec la copie du <a href=\"https:\/\/www.challenge.ma\/wp-content\/uploads\/2019\/04\/projet_de_contribution_de_la_cgem_aux_assises_de_la_fiscalite-1-1.pdf\" target=\"_blank\" rel=\"noopener noreferrer\">projet<\/a> de contribution de la CGEM aux assises de la fiscalit\u00e9 de 116 pages qui a \u00e9t\u00e9 envoy\u00e9e, Vendredi 20 avril ,aux administrateurs de la conf\u00e9d\u00e9ration patronale.<\/p>\n<p>Lire aussi :\u00a0<a href=\"https:\/\/www.challenge.ma\/financement-des-entreprises-bam-cgem-et-gpbm-se-mettent-a-table-107895\/\" target=\"_blank\" rel=\"noopener noreferrer\">Financement des entreprises : BAM, CGEM et GPBM se mettent \u00e0 table<\/a><\/p>\n<p>En r\u00e9sum\u00e9, la premi\u00e8re partie de ce document est consacr\u00e9e aux principes g\u00e9n\u00e9raux qui doivent guider la nouvelle r\u00e9forme fiscale. La deuxi\u00e8me partie d\u00e9taille les propositions de la CGEM par nature d\u2019imp\u00f4t, alors que la troisi\u00e8me partie pr\u00e9sente une synth\u00e8se des r\u00e9ponses des entreprises ayant particip\u00e9 \u00e0 l\u2019enqu\u00eate de perception sur le syst\u00e8me fiscal.<\/p>\n<div class=\"c17\">\n<fieldset class=\"c16\">\n<legend><strong><span class=\"c11\">Challenge<\/span><span class=\"c12\">news<\/span><\/strong><\/legend>\n<div class=\"c15\">Le meilleur de la r\u00e9daction s\u00e9lectionn\u00e9 par Challenge :<\/p>\n<\/div>\n<\/fieldset>\n<\/div>\n<p>Auteur: Hajar DARI<br \/>\n<a href=\"https:\/\/www.challenge.ma\/les-propositions-de-la-cgem-aux-assises-de-la-fiscalite-107985\/\">Cliquez ici pour lire l&rsquo;article depuis sa source.<\/a><\/p>\n","protected":false},"excerpt":{"rendered":"<p>Les propositions de la CGEM\u00a0aux prochaines assises de la fiscalit\u00e9, pr\u00e9vues les 3 et 4 mai prochain \u00e0 Skhirat, ont \u00e9t\u00e9 finalement d\u00e9voil\u00e9es avec plus de d\u00e9tails. La CGEM, en tant que porte-parole de l\u2019entreprise au Maroc, a \u00e9t\u00e9 consult\u00e9e par l\u2019Administration pour remonter sa vision et sa contribution sur la r\u00e9forme fiscale marocaine dans [&hellip;]<\/p>\n","protected":false},"author":1787,"featured_media":0,"comment_status":"closed","ping_status":"closed","sticky":false,"template":"","format":"standard","meta":{"fifu_image_url":"","fifu_image_alt":"","footnotes":""},"categories":[78,54],"tags":[],"class_list":["post-29031","post","type-post","status-publish","format-standard","hentry","category-economie","category-maroc"],"_links":{"self":[{"href":"https:\/\/linitiative.ca\/International\/wp-json\/wp\/v2\/posts\/29031","targetHints":{"allow":["GET"]}}],"collection":[{"href":"https:\/\/linitiative.ca\/International\/wp-json\/wp\/v2\/posts"}],"about":[{"href":"https:\/\/linitiative.ca\/International\/wp-json\/wp\/v2\/types\/post"}],"author":[{"embeddable":true,"href":"https:\/\/linitiative.ca\/International\/wp-json\/wp\/v2\/users\/1787"}],"replies":[{"embeddable":true,"href":"https:\/\/linitiative.ca\/International\/wp-json\/wp\/v2\/comments?post=29031"}],"version-history":[{"count":0,"href":"https:\/\/linitiative.ca\/International\/wp-json\/wp\/v2\/posts\/29031\/revisions"}],"wp:attachment":[{"href":"https:\/\/linitiative.ca\/International\/wp-json\/wp\/v2\/media?parent=29031"}],"wp:term":[{"taxonomy":"category","embeddable":true,"href":"https:\/\/linitiative.ca\/International\/wp-json\/wp\/v2\/categories?post=29031"},{"taxonomy":"post_tag","embeddable":true,"href":"https:\/\/linitiative.ca\/International\/wp-json\/wp\/v2\/tags?post=29031"}],"curies":[{"name":"wp","href":"https:\/\/api.w.org\/{rel}","templated":true}]}}