{"id":29038,"date":"2019-04-20T13:16:29","date_gmt":"2019-04-20T17:16:29","guid":{"rendered":"https:\/\/linitiative.ca\/International\/coupe-de-la-caf-less-en-egypte-pour-defier-al-hilal\/"},"modified":"2019-04-20T13:16:29","modified_gmt":"2019-04-20T17:16:29","slug":"coupe-de-la-caf-less-en-egypte-pour-defier-al-hilal","status":"publish","type":"post","link":"https:\/\/linitiative.ca\/International\/coupe-de-la-caf-less-en-egypte-pour-defier-al-hilal\/","title":{"rendered":"Coupe de la CAF : L\u2019ESS en Egypte pour d\u00e9fier Al Hilal"},"content":{"rendered":"<div class=\"nc_socialPanel swp_flatFresh swp_d_fullColor swp_i_fullColor swp_o_fullColor scale-100 scale-fullWidth\" data-position=\"none\" data-float=\"floatNone\" data-count=\"5\" data-floatcolor=\"#ffffff\" data-emphasize=\"0\">\n<div class=\"nc_tweetContainer totes totesalt\" data-id=\"6\"><span class=\"swp_count\"><span class=\"swp_label\">Partages<\/span> 0<\/span><\/div>\n<\/div>\n<p>Apr\u00e8s avoir accord\u00e9 un jour de repos aux joueurs, l\u2019Etoile Sportive du Sahel s\u2019est\u00a0rendue en Egypte ce samedi, en pr\u00e9vision d\u2019affronter l\u2019\u00e9quipe soudanienne d\u2019Al Hilal dans de la cadre du quart de finale retour de la Coupe de la CAF.<\/p>\n<p>Initialement pr\u00e9vu le dimanche 14 avril, le match retour Al Hilal-ESS a \u00e9t\u00e9 report\u00e9 et d\u00e9localis\u00e9 par la Conf\u00e9d\u00e9ration africaine de football (CAF).<\/p>\n<div class=\"code-block code-block-1 c4\"><ins class=\"adsbygoogle c3\" data-ad-layout=\"in-article\" data-ad-format=\"fluid\" data-ad-client=\"ca-pub-2102118777505746\" data-ad-slot=\"7301775417\"\/> <\/div>\n<p>Le quart de finale retour de la Coupe de la CAF se d\u00e9roulera le mardi 23 avril prochain \u00e0 partir de (19h00) au Caire. Cela fait suite \u00e0 une demande officielle formul\u00e9e par la direction de la formation soudanaise afin de reporter le match en raison de la d\u00e9t\u00e9rioration de la s\u00e9curit\u00e9 au Soudan et de la fermeture de l\u2019espace a\u00e9rien. La CAF a r\u00e9pondu par l\u2019affirmative.<\/p>\n<p>\u00c0 l\u2019aller, les prot\u00e9g\u00e9s de Roger\u00a0Lemerre\u00a0se sont impos\u00e9s dans leur camp (3-1). En cas de qualification, l\u2019\u00e9quipe \u201cSahelienne\u201d restera en Egypte pour affronter Al-Zamalek, d\u00e9j\u00e0 qualifi\u00e9 pour la demi-finale, le 28 avril prochain.<\/p>\n<p>La formation Etoil\u00e9e r\u00e9cup\u00e9rera \u00e0 l\u2019occasion de la confrontation d\u2019Al Hilal les services de Ammar\u00a0Jemal, de retour de blessure et de Wajdi\u00a0Kechrida\u00a0apr\u00e8s la sanction pour somme d\u2019avertissements.<\/p>\n<div class=\"mvp-org-wrap mvp-org-logo\" itemprop=\"publisher\" itemscope=\"\" itemtype=\"https:\/\/schema.org\/Organization\"><img decoding=\"async\" src=\"https:\/\/sport.tunisienumerique.com\/wp-content\/uploads\/2017\/05\/logo_tunisie_numerique.png\"\/><\/div>\n<div class=\"nc_socialPanel swp_flatFresh swp_d_fullColor swp_i_fullColor swp_o_fullColor scale-100 scale-fullWidth\" data-position=\"none\" data-float=\"floatNone\" data-count=\"5\" data-floatcolor=\"#ffffff\" data-emphasize=\"0\">\n<div class=\"nc_tweetContainer totes totesalt\" data-id=\"6\"><span class=\"swp_count\"><span class=\"swp_label\">Partages<\/span> 0<\/span><\/div>\n<\/div>\n<div class=\"mvp-related-posts left relative\">\n<h4 class=\"post-header\"><span class=\"post-header\">Lire aussi<\/span><\/h4>\n<\/div>\n<p>Auteur: a.<br \/>\n<a href=\"https:\/\/sport.tunisienumerique.com\/coupe-de-caf-less-egypte-defier-al-hilal\/\">Cliquez ici pour lire l&rsquo;article depuis sa source.<\/a><\/p>\n","protected":false},"excerpt":{"rendered":"<p>Partages 0 Apr\u00e8s avoir accord\u00e9 un jour de repos aux joueurs, l\u2019Etoile Sportive du Sahel s\u2019est\u00a0rendue en Egypte ce samedi, en pr\u00e9vision d\u2019affronter l\u2019\u00e9quipe soudanienne d\u2019Al Hilal dans de la cadre du quart de finale retour de la Coupe de la CAF. Initialement pr\u00e9vu le dimanche 14 avril, le match retour Al Hilal-ESS a \u00e9t\u00e9 [&hellip;]<\/p>\n","protected":false},"author":1789,"featured_media":29039,"comment_status":"closed","ping_status":"closed","sticky":false,"template":"","format":"standard","meta":{"fifu_image_url":"","fifu_image_alt":"","footnotes":""},"categories":[73,55],"tags":[],"class_list":["post-29038","post","type-post","status-publish","format-standard","has-post-thumbnail","hentry","category-actualite","category-tunisie"],"_links":{"self":[{"href":"https:\/\/linitiative.ca\/International\/wp-json\/wp\/v2\/posts\/29038","targetHints":{"allow":["GET"]}}],"collection":[{"href":"https:\/\/linitiative.ca\/International\/wp-json\/wp\/v2\/posts"}],"about":[{"href":"https:\/\/linitiative.ca\/International\/wp-json\/wp\/v2\/types\/post"}],"author":[{"embeddable":true,"href":"https:\/\/linitiative.ca\/International\/wp-json\/wp\/v2\/users\/1789"}],"replies":[{"embeddable":true,"href":"https:\/\/linitiative.ca\/International\/wp-json\/wp\/v2\/comments?post=29038"}],"version-history":[{"count":0,"href":"https:\/\/linitiative.ca\/International\/wp-json\/wp\/v2\/posts\/29038\/revisions"}],"wp:featuredmedia":[{"embeddable":true,"href":"https:\/\/linitiative.ca\/International\/wp-json\/"}],"wp:attachment":[{"href":"https:\/\/linitiative.ca\/International\/wp-json\/wp\/v2\/media?parent=29038"}],"wp:term":[{"taxonomy":"category","embeddable":true,"href":"https:\/\/linitiative.ca\/International\/wp-json\/wp\/v2\/categories?post=29038"},{"taxonomy":"post_tag","embeddable":true,"href":"https:\/\/linitiative.ca\/International\/wp-json\/wp\/v2\/tags?post=29038"}],"curies":[{"name":"wp","href":"https:\/\/api.w.org\/{rel}","templated":true}]}}