{"id":29040,"date":"2019-04-20T13:48:07","date_gmt":"2019-04-20T17:48:07","guid":{"rendered":"https:\/\/linitiative.ca\/International\/tunisie-explosion-dune-mine-au-jebel-orbta-plusieurs-blesses-parmi-les-parents-de-lhomme-que-daech-a-annonce-avoir-egorge\/"},"modified":"2019-04-20T13:48:07","modified_gmt":"2019-04-20T17:48:07","slug":"tunisie-explosion-dune-mine-au-jebel-orbta-plusieurs-blesses-parmi-les-parents-de-lhomme-que-daech-a-annonce-avoir-egorge","status":"publish","type":"post","link":"https:\/\/linitiative.ca\/International\/tunisie-explosion-dune-mine-au-jebel-orbta-plusieurs-blesses-parmi-les-parents-de-lhomme-que-daech-a-annonce-avoir-egorge\/","title":{"rendered":"Tunisie \u2013 Explosion d\u2019une mine au Jebel Orbta\u00a0: Plusieurs bless\u00e9s parmi les parents de l\u2019homme que Daech a annonc\u00e9 avoir \u00e9gorg\u00e9"},"content":{"rendered":"<div class=\"post-cont-in left relative\">\n<div class=\"nc_socialPanel swp_flatFresh swp_d_fullColor swp_i_fullColor swp_o_fullColor scale-100 scale-fullWidth\" data-position=\"none\" data-float=\"floatNone\" data-count=\"5\" data-floatcolor=\"#ffffff\" data-emphasize=\"0\">\n<div class=\"nc_tweetContainer totes totesalt\" data-id=\"6\"><span class=\"swp_count\"><span class=\"swp_label\">Partages<\/span> 0<\/span><\/div>\n<\/div>\n<p>Une mine a explos\u00e9, ce samedi matin sur les hauteurs du Jebel Orbata, dans la zone proche d\u2019El Guetar.<\/p>\n<p>L\u2019engin s\u2019est d\u00e9sint\u00e9gr\u00e9 au passage d\u2019un groupe de personnes form\u00e9 par les parents et amis du jeune homme disparu depuis un mois et que les terroristes de Daech ont dit avoir \u00e9gorg\u00e9.<\/p>\n<div class=\"code-block code-block-1 c3\"><ins class=\"adsbygoogle c2\" data-ad-layout=\"in-article\" data-ad-format=\"fluid\" data-ad-client=\"ca-pub-2102118777505746\" data-ad-slot=\"7301775417\"\/> <\/div>\n<p>L\u2019explosion de la mine a occasionn\u00e9 des blessures diverses chez\u00a0\u00e0 personnes dont un, gri\u00e8vement atteint aurait perdu une jambe.<\/p>\n<div class=\"mvp-org-wrap mvp-org-logo\" itemprop=\"publisher\" itemscope=\"\" itemtype=\"https:\/\/schema.org\/Organization\"><img decoding=\"async\" src=\"https:\/\/www.tunisienumerique.com\/wp-content\/uploads\/2017\/02\/logo_tunisie_numerique.png\"\/><\/div>\n<div class=\"nc_socialPanel swp_flatFresh swp_d_fullColor swp_i_fullColor swp_o_fullColor scale-100 scale-fullWidth\" data-position=\"none\" data-float=\"floatNone\" data-count=\"5\" data-floatcolor=\"#ffffff\" data-emphasize=\"0\">\n<div class=\"nc_tweetContainer totes totesalt\" data-id=\"6\"><span class=\"swp_count\"><span class=\"swp_label\">Partages<\/span> 0<\/span><\/div>\n<\/div>\n<div class=\"mvp-related-posts left relative\">\n<h4 class=\"post-header\"><span class=\"post-header\">Lire aussi<\/span><\/h4>\n<\/div>\n<\/div>\n<p>Auteur: LM<br \/>\n<a href=\"https:\/\/www.tunisienumerique.com\/tunisie-explosion-dune-mine-au-jebel-orbta-plusieurs-blesses-parmi-les-parents-de-lhomme-que-daceh-a-annonce-avoir-egorge\/\">Cliquez ici pour lire l&rsquo;article depuis sa source.<\/a><\/p>\n","protected":false},"excerpt":{"rendered":"<p>Partages 0 Une mine a explos\u00e9, ce samedi matin sur les hauteurs du Jebel Orbata, dans la zone proche d\u2019El Guetar. L\u2019engin s\u2019est d\u00e9sint\u00e9gr\u00e9 au passage d\u2019un groupe de personnes form\u00e9 par les parents et amis du jeune homme disparu depuis un mois et que les terroristes de Daech ont dit avoir \u00e9gorg\u00e9. L\u2019explosion de [&hellip;]<\/p>\n","protected":false},"author":1789,"featured_media":29041,"comment_status":"closed","ping_status":"closed","sticky":false,"template":"","format":"standard","meta":{"fifu_image_url":"","fifu_image_alt":"","footnotes":""},"categories":[73,55],"tags":[],"class_list":["post-29040","post","type-post","status-publish","format-standard","has-post-thumbnail","hentry","category-actualite","category-tunisie"],"_links":{"self":[{"href":"https:\/\/linitiative.ca\/International\/wp-json\/wp\/v2\/posts\/29040","targetHints":{"allow":["GET"]}}],"collection":[{"href":"https:\/\/linitiative.ca\/International\/wp-json\/wp\/v2\/posts"}],"about":[{"href":"https:\/\/linitiative.ca\/International\/wp-json\/wp\/v2\/types\/post"}],"author":[{"embeddable":true,"href":"https:\/\/linitiative.ca\/International\/wp-json\/wp\/v2\/users\/1789"}],"replies":[{"embeddable":true,"href":"https:\/\/linitiative.ca\/International\/wp-json\/wp\/v2\/comments?post=29040"}],"version-history":[{"count":0,"href":"https:\/\/linitiative.ca\/International\/wp-json\/wp\/v2\/posts\/29040\/revisions"}],"wp:featuredmedia":[{"embeddable":true,"href":"https:\/\/linitiative.ca\/International\/wp-json\/"}],"wp:attachment":[{"href":"https:\/\/linitiative.ca\/International\/wp-json\/wp\/v2\/media?parent=29040"}],"wp:term":[{"taxonomy":"category","embeddable":true,"href":"https:\/\/linitiative.ca\/International\/wp-json\/wp\/v2\/categories?post=29040"},{"taxonomy":"post_tag","embeddable":true,"href":"https:\/\/linitiative.ca\/International\/wp-json\/wp\/v2\/tags?post=29040"}],"curies":[{"name":"wp","href":"https:\/\/api.w.org\/{rel}","templated":true}]}}