{"id":29042,"date":"2019-04-20T14:05:40","date_gmt":"2019-04-20T18:05:40","guid":{"rendered":"https:\/\/linitiative.ca\/International\/le-club-africain-boycotte-le-championnat\/"},"modified":"2019-04-20T14:05:40","modified_gmt":"2019-04-20T18:05:40","slug":"le-club-africain-boycotte-le-championnat","status":"publish","type":"post","link":"https:\/\/linitiative.ca\/International\/le-club-africain-boycotte-le-championnat\/","title":{"rendered":"Le Club Africain boycotte le championnat !"},"content":{"rendered":"<div class=\"nc_socialPanel swp_flatFresh swp_d_fullColor swp_i_fullColor swp_o_fullColor scale-100 scale-fullWidth\" data-position=\"none\" data-float=\"floatNone\" data-count=\"5\" data-floatcolor=\"#ffffff\" data-emphasize=\"0\">\n<div class=\"nc_tweetContainer totes totesalt\" data-id=\"6\"><span class=\"swp_count\"><span class=\"swp_label\">Partages<\/span> 0<\/span><\/div>\n<\/div>\n<p>Le porte-parole du Club Africain, Kamel Ben\u00a0Khelil a affirm\u00e9 que le comit\u00e9 de l\u2019\u00e9quipe\u00a0tiendra ce soir une\u00a0r\u00e9union d\u2019urgence\u00a0pour examiner la prestation\u00a0 de l\u2019arbitre du match contre l\u2019US Ben Guerdane.<\/p>\n<p>Ben\u00a0Khelil\u00a0a fermement critiqu\u00e9 le niveau de l\u2019arbitre Karim\u00a0Khemiri\u00a0qui a dirig\u00e9 le match de la 20\u00e8me journ\u00e9e de Ligue opposant le CA \u00e0 l\u2019USBG,\u00a0 cet apr\u00e8s-midi \u00e0 Rad\u00e8s.<\/p>\n<div class=\"code-block code-block-1 c5\"><ins class=\"adsbygoogle c4\" data-ad-layout=\"in-article\" data-ad-format=\"fluid\" data-ad-client=\"ca-pub-2102118777505746\" data-ad-slot=\"7301775417\"\/> <\/div>\n<p>Selon Ben\u00a0Khelil, la direction Clubiste pense s\u00e9rieusement \u00e0 boycotter le reste du championnat \u00e0 cause de l\u2019arbitrage jug\u00e9 \u201cinjuste\u201d par les \u201cRouges et Blancs\u201d.<\/p>\n<p>Il est \u00e0 noter que l\u2019\u00e9quipe de Bab\u00a0Jedid\u00a0a perdu son match \u00e0 domicile (0-1) contre Ben\u00a0Guerdane\u00a0 sur un but\u00a0soup\u00e7onn\u00e9 d\u2019\u00eatre un hors-jeu.<\/p>\n<div class=\"mvp-org-wrap mvp-org-logo\" itemprop=\"publisher\" itemscope=\"\" itemtype=\"https:\/\/schema.org\/Organization\"><img decoding=\"async\" src=\"https:\/\/sport.tunisienumerique.com\/wp-content\/uploads\/2017\/05\/logo_tunisie_numerique.png\"\/><\/div>\n<div class=\"nc_socialPanel swp_flatFresh swp_d_fullColor swp_i_fullColor swp_o_fullColor scale-100 scale-fullWidth\" data-position=\"none\" data-float=\"floatNone\" data-count=\"5\" data-floatcolor=\"#ffffff\" data-emphasize=\"0\">\n<div class=\"nc_tweetContainer totes totesalt\" data-id=\"6\"><span class=\"swp_count\"><span class=\"swp_label\">Partages<\/span> 0<\/span><\/div>\n<\/div>\n<div class=\"mvp-related-posts left relative\">\n<h4 class=\"post-header\"><span class=\"post-header\">Lire aussi<\/span><\/h4>\n<\/div>\n<p>Auteur: a.<br \/>\n<a href=\"https:\/\/sport.tunisienumerique.com\/club-africain-boycotte-championnat\/\">Cliquez ici pour lire l&rsquo;article depuis sa source.<\/a><\/p>\n","protected":false},"excerpt":{"rendered":"<p>Partages 0 Le porte-parole du Club Africain, Kamel Ben\u00a0Khelil a affirm\u00e9 que le comit\u00e9 de l\u2019\u00e9quipe\u00a0tiendra ce soir une\u00a0r\u00e9union d\u2019urgence\u00a0pour examiner la prestation\u00a0 de l\u2019arbitre du match contre l\u2019US Ben Guerdane. Ben\u00a0Khelil\u00a0a fermement critiqu\u00e9 le niveau de l\u2019arbitre Karim\u00a0Khemiri\u00a0qui a dirig\u00e9 le match de la 20\u00e8me journ\u00e9e de Ligue opposant le CA \u00e0 l\u2019USBG,\u00a0 cet [&hellip;]<\/p>\n","protected":false},"author":1789,"featured_media":29043,"comment_status":"closed","ping_status":"closed","sticky":false,"template":"","format":"standard","meta":{"fifu_image_url":"","fifu_image_alt":"","footnotes":""},"categories":[73,55],"tags":[],"class_list":["post-29042","post","type-post","status-publish","format-standard","has-post-thumbnail","hentry","category-actualite","category-tunisie"],"_links":{"self":[{"href":"https:\/\/linitiative.ca\/International\/wp-json\/wp\/v2\/posts\/29042","targetHints":{"allow":["GET"]}}],"collection":[{"href":"https:\/\/linitiative.ca\/International\/wp-json\/wp\/v2\/posts"}],"about":[{"href":"https:\/\/linitiative.ca\/International\/wp-json\/wp\/v2\/types\/post"}],"author":[{"embeddable":true,"href":"https:\/\/linitiative.ca\/International\/wp-json\/wp\/v2\/users\/1789"}],"replies":[{"embeddable":true,"href":"https:\/\/linitiative.ca\/International\/wp-json\/wp\/v2\/comments?post=29042"}],"version-history":[{"count":0,"href":"https:\/\/linitiative.ca\/International\/wp-json\/wp\/v2\/posts\/29042\/revisions"}],"wp:featuredmedia":[{"embeddable":true,"href":"https:\/\/linitiative.ca\/International\/wp-json\/"}],"wp:attachment":[{"href":"https:\/\/linitiative.ca\/International\/wp-json\/wp\/v2\/media?parent=29042"}],"wp:term":[{"taxonomy":"category","embeddable":true,"href":"https:\/\/linitiative.ca\/International\/wp-json\/wp\/v2\/categories?post=29042"},{"taxonomy":"post_tag","embeddable":true,"href":"https:\/\/linitiative.ca\/International\/wp-json\/wp\/v2\/tags?post=29042"}],"curies":[{"name":"wp","href":"https:\/\/api.w.org\/{rel}","templated":true}]}}