{"id":29044,"date":"2019-04-20T14:12:32","date_gmt":"2019-04-20T18:12:32","guid":{"rendered":"https:\/\/linitiative.ca\/International\/tunisie-a-propos-de-lavion-militaire-qatari-qui-a-atterri-a-djerba-et-soupconne-davoir-ramene-des-armes-aux-milices-de-tripoli\/"},"modified":"2019-04-20T14:12:32","modified_gmt":"2019-04-20T18:12:32","slug":"tunisie-a-propos-de-lavion-militaire-qatari-qui-a-atterri-a-djerba-et-soupconne-davoir-ramene-des-armes-aux-milices-de-tripoli","status":"publish","type":"post","link":"https:\/\/linitiative.ca\/International\/tunisie-a-propos-de-lavion-militaire-qatari-qui-a-atterri-a-djerba-et-soupconne-davoir-ramene-des-armes-aux-milices-de-tripoli\/","title":{"rendered":"Tunisie \u2013 A propos de l\u2019avion militaire qatari qui a atterri \u00e0 Djerba et soup\u00e7onn\u00e9 d\u2019avoir ramen\u00e9 des armes aux milices de tripoli"},"content":{"rendered":"<div class=\"post-cont-in left relative\">\n<div class=\"nc_socialPanel swp_flatFresh swp_d_fullColor swp_i_fullColor swp_o_fullColor scale-100 scale-fullWidth\" data-position=\"none\" data-float=\"floatNone\" data-count=\"5\" data-floatcolor=\"#ffffff\" data-emphasize=\"0\">\n<div class=\"nc_tweetContainer totes totesalt\" data-id=\"6\"><span class=\"swp_count\"><span class=\"swp_label\">Partages<\/span> 0<\/span><\/div>\n<\/div>\n<p>Suite aux rumeurs faisant \u00e9tat de l\u2019atterrissage le 15 avril, d\u2019un avion cargo militaire qatari, \u00e0 l\u2019a\u00e9roport de Djerba et\u00a0de la\u00a0 pol\u00e9mique qui s\u2019en est suivie en rapport avec la suspicion que cet appareil a ramen\u00e9 des armes aux milices arm\u00e9es de Tripoli, La direction g\u00e9n\u00e9rale des douanes a tenu \u00e0 \u00e9claircir certains points\u00a0:<\/p>\n<p>L\u2019avion qatari qui avait atterri \u00e0 Djerba, le 15 avril, avait au pr\u00e9alable demand\u00e9 et obtenu toutes les autorisations aupr\u00e8s des autorit\u00e9s de l\u2019aviation civile et de l\u2019arm\u00e9e nationale.<\/p>\n<div class=\"code-block code-block-1 c3\"><ins class=\"adsbygoogle c2\" data-ad-layout=\"in-article\" data-ad-format=\"fluid\" data-ad-client=\"ca-pub-2102118777505746\" data-ad-slot=\"7301775417\"\/> <\/div>\n<p>L\u2019appareil a demand\u00e9 l\u2019autorisation d\u2019atterrir pour une escale technique.<\/p>\n<p>L\u2019\u00e9quipage \u00e9tait compos\u00e9 de onze membres accompagn\u00e9s de quelques militaires.<\/p>\n<p>Les passagers et l\u2019\u00e9quipage ont quitt\u00e9 l\u2019avion, sous bonne escorte jusqu\u2019\u00e0 un h\u00f4tel de Djerba, avant de revenir, une fois les v\u00e9rifications techniques faites.<\/p>\n<p>L\u2019avion a d\u00e9coll\u00e9 le 17 avril, pour\u00a0continuer sa route vers le Nig\u00e9ria, selon le plan de vol.<\/p>\n<p>La direction des douanes a affirm\u00e9 qu\u2019aucun mat\u00e9riel n\u2019a \u00e9t\u00e9 d\u00e9charg\u00e9 de l\u2019avion, qui est rest\u00e9 sous surveillance rapproch\u00e9e et constante des membres de l\u2019arm\u00e9e tunisienne.<\/p>\n<div class=\"mvp-org-wrap mvp-org-logo\" itemprop=\"publisher\" itemscope=\"\" itemtype=\"https:\/\/schema.org\/Organization\"><img decoding=\"async\" src=\"https:\/\/www.tunisienumerique.com\/wp-content\/uploads\/2017\/02\/logo_tunisie_numerique.png\"\/><\/div>\n<div class=\"nc_socialPanel swp_flatFresh swp_d_fullColor swp_i_fullColor swp_o_fullColor scale-100 scale-fullWidth\" data-position=\"none\" data-float=\"floatNone\" data-count=\"5\" data-floatcolor=\"#ffffff\" data-emphasize=\"0\">\n<div class=\"nc_tweetContainer totes totesalt\" data-id=\"6\"><span class=\"swp_count\"><span class=\"swp_label\">Partages<\/span> 0<\/span><\/div>\n<\/div>\n<div class=\"mvp-related-posts left relative\">\n<h4 class=\"post-header\"><span class=\"post-header\">Lire aussi<\/span><\/h4>\n<\/div>\n<\/div>\n<p>Auteur: LM<br \/>\n<a href=\"https:\/\/www.tunisienumerique.com\/tunisie-a-propos-de-lavion-militaire-qatari-qui-a-atterri-a-djerba-et-soupconne-davoir-ramene-des-armes-aux-milices-de-tripoli\/\">Cliquez ici pour lire l&rsquo;article depuis sa source.<\/a><\/p>\n","protected":false},"excerpt":{"rendered":"<p>Partages 0 Suite aux rumeurs faisant \u00e9tat de l\u2019atterrissage le 15 avril, d\u2019un avion cargo militaire qatari, \u00e0 l\u2019a\u00e9roport de Djerba et\u00a0de la\u00a0 pol\u00e9mique qui s\u2019en est suivie en rapport avec la suspicion que cet appareil a ramen\u00e9 des armes aux milices arm\u00e9es de Tripoli, La direction g\u00e9n\u00e9rale des douanes a tenu \u00e0 \u00e9claircir certains [&hellip;]<\/p>\n","protected":false},"author":1789,"featured_media":29045,"comment_status":"closed","ping_status":"closed","sticky":false,"template":"","format":"standard","meta":{"fifu_image_url":"","fifu_image_alt":"","footnotes":""},"categories":[73,55],"tags":[],"class_list":["post-29044","post","type-post","status-publish","format-standard","has-post-thumbnail","hentry","category-actualite","category-tunisie"],"_links":{"self":[{"href":"https:\/\/linitiative.ca\/International\/wp-json\/wp\/v2\/posts\/29044","targetHints":{"allow":["GET"]}}],"collection":[{"href":"https:\/\/linitiative.ca\/International\/wp-json\/wp\/v2\/posts"}],"about":[{"href":"https:\/\/linitiative.ca\/International\/wp-json\/wp\/v2\/types\/post"}],"author":[{"embeddable":true,"href":"https:\/\/linitiative.ca\/International\/wp-json\/wp\/v2\/users\/1789"}],"replies":[{"embeddable":true,"href":"https:\/\/linitiative.ca\/International\/wp-json\/wp\/v2\/comments?post=29044"}],"version-history":[{"count":0,"href":"https:\/\/linitiative.ca\/International\/wp-json\/wp\/v2\/posts\/29044\/revisions"}],"wp:featuredmedia":[{"embeddable":true,"href":"https:\/\/linitiative.ca\/International\/wp-json\/"}],"wp:attachment":[{"href":"https:\/\/linitiative.ca\/International\/wp-json\/wp\/v2\/media?parent=29044"}],"wp:term":[{"taxonomy":"category","embeddable":true,"href":"https:\/\/linitiative.ca\/International\/wp-json\/wp\/v2\/categories?post=29044"},{"taxonomy":"post_tag","embeddable":true,"href":"https:\/\/linitiative.ca\/International\/wp-json\/wp\/v2\/tags?post=29044"}],"curies":[{"name":"wp","href":"https:\/\/api.w.org\/{rel}","templated":true}]}}