{"id":29048,"date":"2019-04-20T14:27:44","date_gmt":"2019-04-20T18:27:44","guid":{"rendered":"https:\/\/linitiative.ca\/International\/les-usa-et-la-grande-bretagne-appellent-a-un-cessez-le-feu-en-libye-et-au-retour-a-la-solution-politique\/"},"modified":"2019-04-20T14:27:44","modified_gmt":"2019-04-20T18:27:44","slug":"les-usa-et-la-grande-bretagne-appellent-a-un-cessez-le-feu-en-libye-et-au-retour-a-la-solution-politique","status":"publish","type":"post","link":"https:\/\/linitiative.ca\/International\/les-usa-et-la-grande-bretagne-appellent-a-un-cessez-le-feu-en-libye-et-au-retour-a-la-solution-politique\/","title":{"rendered":"Les USA et la Grande Bretagne appellent \u00e0 un cessez le feu en Libye et au retour \u00e0 la solution politique"},"content":{"rendered":"<div class=\"post-cont-in left relative\">\n<div class=\"nc_socialPanel swp_flatFresh swp_d_fullColor swp_i_fullColor swp_o_fullColor scale-100 scale-fullWidth\" data-position=\"none\" data-float=\"floatNone\" data-count=\"5\" data-floatcolor=\"#ffffff\" data-emphasize=\"0\">\n<div class=\"nc_tweetContainer totes totesalt\" data-id=\"6\"><span class=\"swp_count\"><span class=\"swp_label\">Partages<\/span> 0<\/span><\/div>\n<\/div>\n<p>Le ministre am\u00e9ricain des affaires \u00e9trang\u00e8res, Pomp\u00e9o a assur\u00e9 ce samedi, qu\u2019il a eu un entretien t\u00e9l\u00e9phonique avec son homologue britannique, concernant la crise libyenne.<\/p>\n<p>Pomp\u00e9o a\u00a0d\u00e9clar\u00e9 que les deux parties \u00e9taient d\u2019accord pour un arr\u00eat des combats et\u00a0d\u2019aller vers la\u00a0 recherche d\u2019une solution politique.<\/p>\n<div class=\"code-block code-block-1 c3\"><ins class=\"adsbygoogle c2\" data-ad-layout=\"in-article\" data-ad-format=\"fluid\" data-ad-client=\"ca-pub-2102118777505746\" data-ad-slot=\"7301775417\"\/> <\/div>\n<div class=\"mvp-org-wrap mvp-org-logo\" itemprop=\"publisher\" itemscope=\"\" itemtype=\"https:\/\/schema.org\/Organization\"><img decoding=\"async\" src=\"https:\/\/www.tunisienumerique.com\/wp-content\/uploads\/2017\/02\/logo_tunisie_numerique.png\"\/><\/div>\n<div class=\"nc_socialPanel swp_flatFresh swp_d_fullColor swp_i_fullColor swp_o_fullColor scale-100 scale-fullWidth\" data-position=\"none\" data-float=\"floatNone\" data-count=\"5\" data-floatcolor=\"#ffffff\" data-emphasize=\"0\">\n<div class=\"nc_tweetContainer totes totesalt\" data-id=\"6\"><span class=\"swp_count\"><span class=\"swp_label\">Partages<\/span> 0<\/span><\/div>\n<\/div>\n<div class=\"mvp-related-posts left relative\">\n<h4 class=\"post-header\"><span class=\"post-header\">Lire aussi<\/span><\/h4>\n<\/div>\n<\/div>\n<p>Auteur: LM<br \/>\n<a href=\"https:\/\/www.tunisienumerique.com\/les-usa-et-la-grande-bretagne-appellent-a-un-cessez-le-feu-en-libye-et-au-retour-a-la-solution-politique\/\">Cliquez ici pour lire l&rsquo;article depuis sa source.<\/a><\/p>\n","protected":false},"excerpt":{"rendered":"<p>Partages 0 Le ministre am\u00e9ricain des affaires \u00e9trang\u00e8res, Pomp\u00e9o a assur\u00e9 ce samedi, qu\u2019il a eu un entretien t\u00e9l\u00e9phonique avec son homologue britannique, concernant la crise libyenne. Pomp\u00e9o a\u00a0d\u00e9clar\u00e9 que les deux parties \u00e9taient d\u2019accord pour un arr\u00eat des combats et\u00a0d\u2019aller vers la\u00a0 recherche d\u2019une solution politique. Partages 0 Lire aussi Auteur: LM Cliquez ici [&hellip;]<\/p>\n","protected":false},"author":1789,"featured_media":29049,"comment_status":"closed","ping_status":"closed","sticky":false,"template":"","format":"standard","meta":{"fifu_image_url":"","fifu_image_alt":"","footnotes":""},"categories":[73,55],"tags":[],"class_list":["post-29048","post","type-post","status-publish","format-standard","has-post-thumbnail","hentry","category-actualite","category-tunisie"],"_links":{"self":[{"href":"https:\/\/linitiative.ca\/International\/wp-json\/wp\/v2\/posts\/29048","targetHints":{"allow":["GET"]}}],"collection":[{"href":"https:\/\/linitiative.ca\/International\/wp-json\/wp\/v2\/posts"}],"about":[{"href":"https:\/\/linitiative.ca\/International\/wp-json\/wp\/v2\/types\/post"}],"author":[{"embeddable":true,"href":"https:\/\/linitiative.ca\/International\/wp-json\/wp\/v2\/users\/1789"}],"replies":[{"embeddable":true,"href":"https:\/\/linitiative.ca\/International\/wp-json\/wp\/v2\/comments?post=29048"}],"version-history":[{"count":0,"href":"https:\/\/linitiative.ca\/International\/wp-json\/wp\/v2\/posts\/29048\/revisions"}],"wp:featuredmedia":[{"embeddable":true,"href":"https:\/\/linitiative.ca\/International\/wp-json\/"}],"wp:attachment":[{"href":"https:\/\/linitiative.ca\/International\/wp-json\/wp\/v2\/media?parent=29048"}],"wp:term":[{"taxonomy":"category","embeddable":true,"href":"https:\/\/linitiative.ca\/International\/wp-json\/wp\/v2\/categories?post=29048"},{"taxonomy":"post_tag","embeddable":true,"href":"https:\/\/linitiative.ca\/International\/wp-json\/wp\/v2\/tags?post=29048"}],"curies":[{"name":"wp","href":"https:\/\/api.w.org\/{rel}","templated":true}]}}