{"id":29052,"date":"2019-04-20T15:49:52","date_gmt":"2019-04-20T19:49:52","guid":{"rendered":"https:\/\/linitiative.ca\/International\/tunisie-video-mohsen-marzouk-accuse-des-syndicalistes-de-lugtt-davoir-agresse-des-militants-de-machrou-tounes-a-sfax\/"},"modified":"2019-04-20T15:49:52","modified_gmt":"2019-04-20T19:49:52","slug":"tunisie-video-mohsen-marzouk-accuse-des-syndicalistes-de-lugtt-davoir-agresse-des-militants-de-machrou-tounes-a-sfax","status":"publish","type":"post","link":"https:\/\/linitiative.ca\/International\/tunisie-video-mohsen-marzouk-accuse-des-syndicalistes-de-lugtt-davoir-agresse-des-militants-de-machrou-tounes-a-sfax\/","title":{"rendered":"Tunisie [Vid\u00e9o]: Mohsen Marzouk accuse des syndicalistes de l\u2019UGTT d\u2019avoir agress\u00e9 des militants de Machrou Tounes \u00e0 Sfax"},"content":{"rendered":"<div class=\"post-cont-in left relative\">\n<div class=\"nc_socialPanel swp_flatFresh swp_d_fullColor swp_i_fullColor swp_o_fullColor scale-100 scale-fullWidth\" data-position=\"none\" data-float=\"floatNone\" data-count=\"5\" data-floatcolor=\"#ffffff\" data-emphasize=\"0\">\n<div class=\"nc_tweetContainer totes totesalt\" data-id=\"6\"><span class=\"swp_count\"><span class=\"swp_label\">Partages<\/span> 0<\/span><\/div>\n<\/div>\n<p>Un groupe de travailleurs de l\u2019usine Siape, d\u2019ouvriers et d\u2019un certain nombre de\u00a0travailleurs\u00a0affili\u00e9s \u00e0 l\u2019UGTT ont emp\u00each\u00e9 les militants du mouvement Machrou Tounes de mener une manifestation pr\u00e9vue samedi matin, 20 avril 2019, devant le si\u00e8ge du complexe chimique de Sfax pour demander la mise en application de la d\u00e9cision de d\u00e9mant\u00e8lement de l\u2019usine pour pollution.<\/p>\n<p>Le pr\u00e9sident du parti, Mohsen Marzouk a accus\u00e9 le bureau r\u00e9gional de l\u2019UGTT de Sfax, d\u2019avoir agress\u00e9 un certain nombre de militants du mouvement participant au rassemblement de protestation.<\/p>\n<div class=\"code-block code-block-1 c3\"><ins class=\"adsbygoogle c2\" data-ad-layout=\"in-article\" data-ad-format=\"fluid\" data-ad-client=\"ca-pub-2102118777505746\" data-ad-slot=\"7301775417\"\/> <\/div>\n<p>Cinq militants de Machrou Tounes ont \u00e9t\u00e9 \u00e9vacu\u00e9s vers un dispensaire de la r\u00e9gion en raison des blessures subies lors de l\u2019agression.<\/p>\n<p><iframe loading=\"lazy\" class=\"c4\" src=\"https:\/\/www.facebook.com\/plugins\/video.php?href=https%3A%2F%2Fwww.facebook.com%2FworldInfo.TN%2Fvideos%2F803308870054070%2F&#038;show_text=0&#038;width=266\" width=\"266\" height=\"476\" frameborder=\"0\" scrolling=\"no\" allowfullscreen=\"allowfullscreen\">[embedded content]<\/iframe><\/p>\n<div class=\"mvp-org-wrap mvp-org-logo\" itemprop=\"publisher\" itemscope=\"\" itemtype=\"https:\/\/schema.org\/Organization\"><img decoding=\"async\" src=\"https:\/\/www.tunisienumerique.com\/wp-content\/uploads\/2017\/02\/logo_tunisie_numerique.png\"\/><\/div>\n<div class=\"nc_socialPanel swp_flatFresh swp_d_fullColor swp_i_fullColor swp_o_fullColor scale-100 scale-fullWidth\" data-position=\"none\" data-float=\"floatNone\" data-count=\"5\" data-floatcolor=\"#ffffff\" data-emphasize=\"0\">\n<div class=\"nc_tweetContainer totes totesalt\" data-id=\"6\"><span class=\"swp_count\"><span class=\"swp_label\">Partages<\/span> 0<\/span><\/div>\n<\/div>\n<div class=\"mvp-related-posts left relative\">\n<h4 class=\"post-header\"><span class=\"post-header\">Lire aussi<\/span><\/h4>\n<\/div>\n<\/div>\n<p>Auteur: Mourad S<br \/>\n<a href=\"https:\/\/www.tunisienumerique.com\/tunisie-video-mohsen-marzouk-accuse-des-syndicalistes-de-lugtt-davoir-agresse-des-militants-de-machrou-tounes-a-sfax\/\">Cliquez ici pour lire l&rsquo;article depuis sa source.<\/a><\/p>\n","protected":false},"excerpt":{"rendered":"<p>Partages 0 Un groupe de travailleurs de l\u2019usine Siape, d\u2019ouvriers et d\u2019un certain nombre de\u00a0travailleurs\u00a0affili\u00e9s \u00e0 l\u2019UGTT ont emp\u00each\u00e9 les militants du mouvement Machrou Tounes de mener une manifestation pr\u00e9vue samedi matin, 20 avril 2019, devant le si\u00e8ge du complexe chimique de Sfax pour demander la mise en application de la d\u00e9cision de d\u00e9mant\u00e8lement de [&hellip;]<\/p>\n","protected":false},"author":1789,"featured_media":29053,"comment_status":"closed","ping_status":"closed","sticky":false,"template":"","format":"standard","meta":{"fifu_image_url":"","fifu_image_alt":"","footnotes":""},"categories":[73,55],"tags":[],"class_list":["post-29052","post","type-post","status-publish","format-standard","has-post-thumbnail","hentry","category-actualite","category-tunisie"],"_links":{"self":[{"href":"https:\/\/linitiative.ca\/International\/wp-json\/wp\/v2\/posts\/29052","targetHints":{"allow":["GET"]}}],"collection":[{"href":"https:\/\/linitiative.ca\/International\/wp-json\/wp\/v2\/posts"}],"about":[{"href":"https:\/\/linitiative.ca\/International\/wp-json\/wp\/v2\/types\/post"}],"author":[{"embeddable":true,"href":"https:\/\/linitiative.ca\/International\/wp-json\/wp\/v2\/users\/1789"}],"replies":[{"embeddable":true,"href":"https:\/\/linitiative.ca\/International\/wp-json\/wp\/v2\/comments?post=29052"}],"version-history":[{"count":0,"href":"https:\/\/linitiative.ca\/International\/wp-json\/wp\/v2\/posts\/29052\/revisions"}],"wp:featuredmedia":[{"embeddable":true,"href":"https:\/\/linitiative.ca\/International\/wp-json\/"}],"wp:attachment":[{"href":"https:\/\/linitiative.ca\/International\/wp-json\/wp\/v2\/media?parent=29052"}],"wp:term":[{"taxonomy":"category","embeddable":true,"href":"https:\/\/linitiative.ca\/International\/wp-json\/wp\/v2\/categories?post=29052"},{"taxonomy":"post_tag","embeddable":true,"href":"https:\/\/linitiative.ca\/International\/wp-json\/wp\/v2\/tags?post=29052"}],"curies":[{"name":"wp","href":"https:\/\/api.w.org\/{rel}","templated":true}]}}