{"id":29054,"date":"2019-04-20T11:50:05","date_gmt":"2019-04-20T15:50:05","guid":{"rendered":"https:\/\/linitiative.ca\/International\/soudan-un-chef-de-la-contestation-annonce-des-discussions-avec-les-militaires\/"},"modified":"2019-04-20T11:50:05","modified_gmt":"2019-04-20T15:50:05","slug":"soudan-un-chef-de-la-contestation-annonce-des-discussions-avec-les-militaires","status":"publish","type":"post","link":"https:\/\/linitiative.ca\/International\/soudan-un-chef-de-la-contestation-annonce-des-discussions-avec-les-militaires\/","title":{"rendered":"Soudan: un chef de la contestation annonce des discussions avec les militaires"},"content":{"rendered":"<div readability=\"32\">\n<p>Publi\u00e9 le 20.04.2019 \u00e0 16h50 par AFP<\/p>\n<\/div>\n<div readability=\"127\">\n<p>Les leaders de la contestation au Soudan vont tenir samedi des discussions avec les dirigeants militaires qui ont refus\u00e9 jusque-l\u00e0 de transf\u00e9rer le pouvoir \u00e0 une autorit\u00e9 civile, a indiqu\u00e9 \u00e0 l\u2019AFP un des chefs de l\u2019Alliance pour la libert\u00e9 et le changement (ALC).<\/p>\n<p>Ces pourparlers se tiendront un jour avant l\u2019annonce pr\u00e9vue par le mouvement de contestation de la formation d\u2019un \u00ab\u00a0Conseil civil charg\u00e9 des affaires du pays\u00a0\u00bb qui remplacerait le Conseil militaire de transition, au pouvoir depuis le renversement, le 11 avril dernier, du pr\u00e9sident Omar el-B\u00e9chir sous la pression de la rue.<\/p>\n<p>\u00ab\u00a0Le Conseil militaire va tenir des discussions avec l\u2019Alliance pour la libert\u00e9 et le changement ce jour \u00e0 20H00 (18H00 GMT)\u00a0\u00bb, a d\u00e9clar\u00e9 samedi \u00e0 l\u2019AFP Siddiq Youssef, un responsable de l\u2019ALC qui regroupe plusieurs partis politiques et groupes de la soci\u00e9t\u00e9 civile qui m\u00e8nent la contestation.<\/p>\n<p>Un membre de l\u2019Association des professionnels soudanais (SPA), groupe en premi\u00e8re ligne de la contestation qui secoue le Soudan depuis le 19 d\u00e9cembre, a confirm\u00e9 la tenue de ces discussions dans les prochaines heures samedi.<\/p>\n<p>\u00ab\u00a0Cinq repr\u00e9sentants de l\u2019Alliance vont rencontrer ce jour le Conseil militaire pour discuter du transfert du pouvoir \u00e0 une autorit\u00e9 civile\u00a0\u00bb a ainsi affirm\u00e9 Ahmed al-Rabia \u00e0 l\u2019AFP.<\/p>\n<p>Si les dirigeants militaires refusent de remettre le pouvoir, les leaders de la contestation annonceront dimanche un \u00ab\u00a0Conseil civil souverain\u00a0\u00bb, a-t-il expliqu\u00e9.<\/p>\n<p>\u00ab\u00a0S\u2019ils souhaitent n\u00e9gocier, l\u2019annonce pr\u00e9vue pour demain pourrait \u00eatre alors report\u00e9e\u00a0\u00bb, a ajout\u00e9 M. Rabia.<\/p>\n<p>\u2013 \u00ab\u00a0Calendrier pour le transfert du pouvoir\u00a0\u00bb \u2013<\/p>\n<p>\u00ab\u00a0Nous r\u00e9clamons (au Conseil militaire ndlr) un calendrier pour le transfert du pouvoir, afin que les choses ne tra\u00eenent pas\u00a0\u00bb, at-til ajout\u00e9.<\/p>\n<p>Il a en outre r\u00e9v\u00e9l\u00e9 que depuis le renversement d\u2019Omar el-B\u00e9chir le Conseil militaire avait tenu deux s\u00e9ries de discussions avec les leaders de la contestation.<\/p>\n<p><ins data-revive-zoneid=\"9\" data-revive-id=\"10111e19d28d19d031742ee3b0b33eb0\"\/> <\/p>\n<p>\u00ab\u00a0Durant ces pourparlers, nous avons senti que le Conseil militaire ne souhaitait pas remettre le pouvoir\u00a0\u00bb, a encore dit Ahmed al-Rabia.<\/p>\n<p>Vendredi, la SPA avait annonc\u00e9 que \u00ab\u00a0les noms des membres d\u2019un Conseil civil charg\u00e9 des affaires du pays seraient annonc\u00e9s lors d\u2019une conf\u00e9rence de presse dimanche \u00e0 19H00 locales (17H00 GMT)\u00a0\u00bb devant le QG de l\u2019arm\u00e9e, o\u00f9 se rassemblent des milliers de Soudanais dans le centre de la capitale Khartoum depuis deux semaines.<\/p>\n<p>\u00ab\u00a0Nous r\u00e9clamons que ce Conseil civil, qui comprendra des repr\u00e9sentants de l\u2019arm\u00e9e, remplace le Conseil militaire\u00a0\u00bb, avait ainsi expliqu\u00e9 Ahmed al-Rabia \u00e0 l\u2019AFP. L\u2019arm\u00e9e n\u2019a pas r\u00e9agi \u00e0 cette annonce.<\/p>\n<p>Arriv\u00e9 au pouvoir par un coup d\u2019Etat soutenu par les islamistes le 30 juin 1989, Omar el-B\u00e9chir a dirig\u00e9 d\u2019une main de fer un pays en proie \u00e0 des r\u00e9bellions dans plusieurs r\u00e9gions et \u00e9tait accus\u00e9 de violations des droits humains.<\/p>\n<p>Renvers\u00e9 le 11 avril par l\u2019arm\u00e9e, il a \u00e9t\u00e9 arr\u00eat\u00e9, est actuellement d\u00e9tenu dans une prison de Khartoum.<\/p>\n<p>Galvanis\u00e9s par les concessions obtenues avec le d\u00e9part de M. B\u00e9chir et d\u2019autres responsables militaires, les manifestants apparaissent plus d\u00e9termin\u00e9s que jamais et maintiennent la pression sur le Conseil militaire de transition.<\/p>\n<p>Les Etats-Unis, qui maintiennent le Soudan sur leur liste noire des \u00ab\u00a0Etats soutenant le terrorisme\u00a0\u00bb, ont salu\u00e9 les premi\u00e8res mesures prises par les militaires qui ont destitu\u00e9 M. B\u00e9chir, mais ont appel\u00e9 \u00e0 une transition r\u00e9pondant davantage aux voeux des Soudanais.<\/p>\n<p>La responsable du d\u00e9partement d\u2019Etat charg\u00e9e de l\u2019Afrique de l\u2019Est, Makila James, \u00ab\u00a0se rendra au Soudan ce week-end\u00a0\u00bb, a annonc\u00e9 un haut responsable am\u00e9ricain, sans autres pr\u00e9cisions.<\/p>\n<\/div>\n<p>Auteur: AFP<br \/>\n<a href=\"https:\/\/www.journalducameroun.com\/fr\/soudan-un-chef-de-la-contestation-annonce-des-discussions-avec-les-militaires-2\/\">Cliquez ici pour lire l&rsquo;article depuis sa source.<\/a><\/p>\n","protected":false},"excerpt":{"rendered":"<p>Publi\u00e9 le 20.04.2019 \u00e0 16h50 par AFP Les leaders de la contestation au Soudan vont tenir samedi des discussions avec les dirigeants militaires qui ont refus\u00e9 jusque-l\u00e0 de transf\u00e9rer le pouvoir \u00e0 une autorit\u00e9 civile, a indiqu\u00e9 \u00e0 l\u2019AFP un des chefs de l\u2019Alliance pour la libert\u00e9 et le changement (ALC). Ces pourparlers se tiendront [&hellip;]<\/p>\n","protected":false},"author":1965,"featured_media":0,"comment_status":"closed","ping_status":"closed","sticky":false,"template":"","format":"standard","meta":{"fifu_image_url":"","fifu_image_alt":"","footnotes":""},"categories":[73,82],"tags":[],"class_list":["post-29054","post","type-post","status-publish","format-standard","hentry","category-actualite","category-cameroun"],"_links":{"self":[{"href":"https:\/\/linitiative.ca\/International\/wp-json\/wp\/v2\/posts\/29054","targetHints":{"allow":["GET"]}}],"collection":[{"href":"https:\/\/linitiative.ca\/International\/wp-json\/wp\/v2\/posts"}],"about":[{"href":"https:\/\/linitiative.ca\/International\/wp-json\/wp\/v2\/types\/post"}],"author":[{"embeddable":true,"href":"https:\/\/linitiative.ca\/International\/wp-json\/wp\/v2\/users\/1965"}],"replies":[{"embeddable":true,"href":"https:\/\/linitiative.ca\/International\/wp-json\/wp\/v2\/comments?post=29054"}],"version-history":[{"count":0,"href":"https:\/\/linitiative.ca\/International\/wp-json\/wp\/v2\/posts\/29054\/revisions"}],"wp:attachment":[{"href":"https:\/\/linitiative.ca\/International\/wp-json\/wp\/v2\/media?parent=29054"}],"wp:term":[{"taxonomy":"category","embeddable":true,"href":"https:\/\/linitiative.ca\/International\/wp-json\/wp\/v2\/categories?post=29054"},{"taxonomy":"post_tag","embeddable":true,"href":"https:\/\/linitiative.ca\/International\/wp-json\/wp\/v2\/tags?post=29054"}],"curies":[{"name":"wp","href":"https:\/\/api.w.org\/{rel}","templated":true}]}}