{"id":29056,"date":"2019-04-20T13:50:01","date_gmt":"2019-04-20T17:50:01","guid":{"rendered":"https:\/\/linitiative.ca\/International\/la-crise-des-gilets-jaunes-en-dix-dates\/"},"modified":"2019-04-20T13:50:01","modified_gmt":"2019-04-20T17:50:01","slug":"la-crise-des-gilets-jaunes-en-dix-dates","status":"publish","type":"post","link":"https:\/\/linitiative.ca\/International\/la-crise-des-gilets-jaunes-en-dix-dates\/","title":{"rendered":"La crise des \u00ab\u00a0gilets jaunes\u00a0\u00bb en dix dates"},"content":{"rendered":"<p>Retour sur dix dates majeures de la crise des \u00ab\u00a0gilets jaunes\u00a0\u00bb, qui a connu son acte 23 samedi, dans l\u2019attente des annonces du pr\u00e9sident Emmanuel Macron, report\u00e9es \u00e0 jeudi prochain en raison de l\u2019incendie de Notre-Dame.<\/p>\n<p>Depuis le d\u00e9but du mouvement, 11 personnes sont mortes, principalement dans des accidents de la route mais \u00e0 Marseille, une octog\u00e9naire est d\u00e9c\u00e9d\u00e9e apr\u00e8s avoir \u00e9t\u00e9 bless\u00e9e chez elle par une grenade lacrymog\u00e8ne.<\/p>\n<p>Le minist\u00e8re de l\u2019Int\u00e9rieur d\u00e9nombrait, au 19 avril, 2.410 bless\u00e9s parmi les manifestants et 1.699 chez les forces de l\u2019ordre.<\/p>\n<p>\u2013 17 novembre: ronds-points occup\u00e9s \u2013<\/p>\n<p>V\u00eatues d\u2019un gilet fluorescent, 282.000 personnes, selon les chiffres officiels r\u00e9guli\u00e8rement contest\u00e9s, occupent des ronds-points et bloquent des routes.<\/p>\n<p>Le mouvement vise initialement la hausse des taxes sur les carburants, mais Emmanuel Macron et sa politique sociale et fiscale sont rapidement cibl\u00e9s.<\/p>\n<p>\u2013 1er d\u00e9cembre: Arc de Triomphe vandalis\u00e9 \u2013<\/p>\n<p>L\u2019acte 3 (136.000 personnes) donne lieu \u00e0 des violences. A Paris, l\u2019Arc de Triomphe est tagu\u00e9, ses salles d\u2019exposition pill\u00e9es et d\u00e9grad\u00e9es.<\/p>\n<p>\u2013 10 d\u00e9cembre: mesures sociales \u2013<\/p>\n<p>Apr\u00e8s l\u2019annulation pour 2019 de la hausse de fiscalit\u00e9 sur les carburants, d\u00e9cid\u00e9e le 5 d\u00e9cembre, Emmanuel Macron annonce cinq jours plus tard: 100 euros de plus par mois pour les salari\u00e9s au Smic, heures suppl\u00e9mentaires \u00ab\u00a0sans imp\u00f4ts ni charges\u00a0\u00bb et nouvelle exemption de hausse de CSG pour certains retrait\u00e9s. Le tout est \u00e9valu\u00e9 \u00e0 10 milliards d\u2019euros.<\/p>\n<p>\u2013 5 janvier: affrontements \u2013<\/p>\n<p>Apr\u00e8s trois samedis de baisse, la participation remonte \u00e0 50.000 personnes pour l\u2019acte 8. Des manifestants forcent avec un engin de chantier l\u2019entr\u00e9e du minist\u00e8re de Benjamin Griveaux, alors porte-parole du gouvernement.<\/p>\n<p>L\u2019ex\u00e9cutif annonce le 7 f\u00e9vrier une nouvelle loi \u00ab\u00a0anticasseurs\u00a0\u00bb, initi\u00e9e par LR. Elle est promulgu\u00e9e le 11 avril, apr\u00e8s un retoquage par le Conseil constitutionnel de l\u2019article sur les interdictions administratives de manifester.<\/p>\n<p>La pol\u00e9mique enfle face aux blessures caus\u00e9es par les lanceurs de balles de d\u00e9fense (LBD) et grenades de d\u00e9sencerclement utilis\u00e9s par les forces de l\u2019ordre.<\/p>\n<p>\u2013 15 janvier: grand d\u00e9bat \u2013<\/p>\n<p>Dans l\u2019espoir d\u2019apaiser les esprits, Emmanuel Macron lance un grand d\u00e9bat national le 15 janvier et y participe activement.<\/p>\n<p><ins data-revive-zoneid=\"9\" data-revive-id=\"10111e19d28d19d031742ee3b0b33eb0\"\/> <\/p>\n<p>Des \u00ab\u00a0gilets jaunes\u00a0\u00bb annoncent le 23 janvier un embryon de liste aux europ\u00e9ennes, men\u00e9e par une aide-soignante, Ingrid Levavasseur. Vivement critiqu\u00e9e, elle renonce le 13 f\u00e9vrier.<\/p>\n<p>\u2013 5 f\u00e9vrier: crise avec l\u2019Italie \u2013<\/p>\n<p>La rencontre en France, le 5 f\u00e9vrier, du vice-pr\u00e9sident du Conseil italien et chef de file du Mouvement 5 \u00e9toiles, Luigi Di Maio, avec le \u00ab\u00a0gilet jaune\u00a0\u00bb Christophe Chalen\u00e7on provoque un bref rappel par Paris de son ambassadeur en Italie.<\/p>\n<p>\u2013 6 mars: l\u2019ONU intervient \u2013<\/p>\n<p>L\u2019ONU demande le 6 mars \u00e0 la France \u00ab\u00a0une enqu\u00eate approfondie sur tous les cas rapport\u00e9s d\u2019usage excessif de la force\u00a0\u00bb. Peu avant, le Conseil de l\u2019Europe avait d\u00e9j\u00e0 appel\u00e9 la France \u00e0 \u00ab\u00a0suspendre l\u2019usage du LBD dans le cadre des op\u00e9rations de maintien de l\u2019ordre\u00a0\u00bb.<\/p>\n<p>\u2013 16 mars: Champs-\u00c9lys\u00e9es saccag\u00e9s \u2013<\/p>\n<p>L\u2019acte 18 (32.300 manifestants) est marqu\u00e9 par une nouvelle flamb\u00e9e de violences \u00e0 Paris, sur les Champs-Elys\u00e9es notamment.<\/p>\n<p>L\u2019ex\u00e9cutif annonce une batterie de mesures: interdiction des manifestations dans les quartiers \u00ab\u00a0les plus touch\u00e9s\u00a0\u00bb en cas de pr\u00e9sence d&rsquo;\u00a0\u00bbultras\u00a0\u00bb, limogeage du pr\u00e9fet de police de Paris, contraventions alourdies.<\/p>\n<p>\u2013 23 mars: charge \u00e0 Nice \u2013<\/p>\n<p>Le 23 mars, alors que plusieurs lieux embl\u00e9matiques sont interdits aux manifestants, l\u2019Int\u00e9rieur recense 40.500 manifestants.<\/p>\n<p>A Nice, Genevi\u00e8ve Legay, 73 ans, est gri\u00e8vement bless\u00e9e pendant une charge. Le procureur d\u00e9ment d\u2019abord tout \u00ab\u00a0contact\u00a0\u00bb physique de la part des forces de l\u2019ordre, des propos repris par Emmanuel Macron. Puis le magistrat reconna\u00eet qu\u2019elle a \u00e9t\u00e9 pouss\u00e9e par un policier.<\/p>\n<p>\u2013 15 avril: annonces report\u00e9es \u2013<\/p>\n<p>Le 15 avril, apr\u00e8s deux samedis o\u00f9 la mobilisation a atteint 22.000 puis 31.100 personnes, Emmanuel Macron annule au dernier moment l\u2019allocution t\u00e9l\u00e9vis\u00e9e au cours de laquelle il devait donner ses r\u00e9ponses \u00e0 la crise: Notre-Dame est en feu.<\/p>\n<p>Parmi les annonces qu\u2019il devait effectuer, selon le texte de son discours obtenu par l\u2019AFP: des baisses d\u2019imp\u00f4ts pour les classes moyennes, la r\u00e9indexation des petites retraites, des r\u00e9f\u00e9rendums locaux et la suppression de l\u2019ENA.<\/p>\n<p>Le chef de l\u2019Etat d\u00e9cide de pr\u00e9ciser ses d\u00e9cisions lors d\u2019une conf\u00e9rence de presse jeudi 25 avril. Avant ce rendez-vous, l\u2019acte 23 rassemble 27.900 manifestants en France, avec de nouvelles \u00e9chauffour\u00e9es \u00e0 Paris.<\/p>\n<p>Auteur: AFP<br \/>\n<a href=\"https:\/\/www.journalducameroun.com\/fr\/la-crise-des-gilets-jaunes-en-dix-dates-2\/\">Cliquez ici pour lire l&rsquo;article depuis sa source.<\/a><\/p>\n","protected":false},"excerpt":{"rendered":"<p>Retour sur dix dates majeures de la crise des \u00ab\u00a0gilets jaunes\u00a0\u00bb, qui a connu son acte 23 samedi, dans l\u2019attente des annonces du pr\u00e9sident Emmanuel Macron, report\u00e9es \u00e0 jeudi prochain en raison de l\u2019incendie de Notre-Dame. Depuis le d\u00e9but du mouvement, 11 personnes sont mortes, principalement dans des accidents de la route mais \u00e0 Marseille, [&hellip;]<\/p>\n","protected":false},"author":1965,"featured_media":0,"comment_status":"closed","ping_status":"closed","sticky":false,"template":"","format":"standard","meta":{"fifu_image_url":"","fifu_image_alt":"","footnotes":""},"categories":[73,82],"tags":[],"class_list":["post-29056","post","type-post","status-publish","format-standard","hentry","category-actualite","category-cameroun"],"_links":{"self":[{"href":"https:\/\/linitiative.ca\/International\/wp-json\/wp\/v2\/posts\/29056","targetHints":{"allow":["GET"]}}],"collection":[{"href":"https:\/\/linitiative.ca\/International\/wp-json\/wp\/v2\/posts"}],"about":[{"href":"https:\/\/linitiative.ca\/International\/wp-json\/wp\/v2\/types\/post"}],"author":[{"embeddable":true,"href":"https:\/\/linitiative.ca\/International\/wp-json\/wp\/v2\/users\/1965"}],"replies":[{"embeddable":true,"href":"https:\/\/linitiative.ca\/International\/wp-json\/wp\/v2\/comments?post=29056"}],"version-history":[{"count":0,"href":"https:\/\/linitiative.ca\/International\/wp-json\/wp\/v2\/posts\/29056\/revisions"}],"wp:attachment":[{"href":"https:\/\/linitiative.ca\/International\/wp-json\/wp\/v2\/media?parent=29056"}],"wp:term":[{"taxonomy":"category","embeddable":true,"href":"https:\/\/linitiative.ca\/International\/wp-json\/wp\/v2\/categories?post=29056"},{"taxonomy":"post_tag","embeddable":true,"href":"https:\/\/linitiative.ca\/International\/wp-json\/wp\/v2\/tags?post=29056"}],"curies":[{"name":"wp","href":"https:\/\/api.w.org\/{rel}","templated":true}]}}