{"id":29057,"date":"2019-04-20T14:18:03","date_gmt":"2019-04-20T18:18:03","guid":{"rendered":"https:\/\/linitiative.ca\/International\/athletisme-seul-le-travail-paie-en-athletisme-conseille-le-champion-kenyan-george-manangoi\/"},"modified":"2019-04-20T14:18:03","modified_gmt":"2019-04-20T18:18:03","slug":"athletisme-seul-le-travail-paie-en-athletisme-conseille-le-champion-kenyan-george-manangoi","status":"publish","type":"post","link":"https:\/\/linitiative.ca\/International\/athletisme-seul-le-travail-paie-en-athletisme-conseille-le-champion-kenyan-george-manangoi\/","title":{"rendered":"Athl\u00e9tisme\/\u00ab Seul le travail paie en athl\u00e9tisme \u00bb, conseille le champion k\u00e9nyan George Manangoi"},"content":{"rendered":"<div readability=\"32\">\n<p>Publi\u00e9 le 20.04.2019 \u00e0 19h18 par APA News<\/p>\n<\/div>\n<div readability=\"60\">\n<p>Vainqueur aux 1500 m des moins de 20 ans au championnat d\u2019Afrique d\u2019athl\u00e9tisme U20 qui se d\u00e9roule \u00e0 Abidjan, le K\u00e9nyan George Manangoi, champion du monde des U20 estime que \u00ab seul le travail paie \u00bb pour r\u00e9aliser de bonnes performances.M\u00e9daill\u00e9 d\u2019or au championnat du monde d\u2019athl\u00e9tisme des moins 20 ans\u00a0\u00e0 Tampere (Finlande), en ao\u00fbt 2018, le K\u00e9nyan George Manangoi (19 ans), fr\u00e8re cadet du champion du monde Elijah Manangoi, sp\u00e9cialiste du demi-fond, a justifi\u00e9 sa r\u00e9putation au stade Houphou\u00ebt-Boigny en remportant le m\u00e9tal pr\u00e9cieux aux 1500 m.\u00a0<\/p>\n<p>\u00abOui, c\u2019est la continuit\u00e9\u00a0!\u00a0\u00bb, l\u00e2che le champion kenyan. Pour lui, il n\u2019y a pas de secret. \u00ab\u00a0Seul le travail paie\u00a0\u00bb, conc\u00e8de-il.\u00a0<\/p>\n<p>Georges qui est sur les traces de son a\u00een\u00e9 Elijah soutient que \u00ab\u00a0si Ta Lou et Murielle Ahour\u00e9 (ndlr\u00a0: les sprinteuses ivoiriennes) font aujourd\u2019hui partie des meilleurs athl\u00e8tes du monde, c\u2019est bien parce qu\u2019elles ont beaucoup travaill\u00e9\u00a0\u00bb.\u00a0<\/p>\n<p><ins data-revive-zoneid=\"9\" data-revive-id=\"10111e19d28d19d031742ee3b0b33eb0\"\/> <\/p>\n<p>\u00ab\u00a0Moi, je travaille pour \u00eatre au sommet. Et je demande \u00e0 tous les jeunes qui embrassent l\u2019athl\u00e9tisme d\u2019en faire autant\u00a0\u00bb, conseille le double champion du monde et d\u2019Afrique d\u2019athl\u00e9tisme U20.<\/p>\n<\/div>\n<p>Auteur: APA News<br \/>\n<a href=\"https:\/\/www.journalducameroun.com\/fr\/athletisme-seul-le-travail-paie-en-athletisme-conseille-le-champion-kenyan-george-manangoi\/\">Cliquez ici pour lire l&rsquo;article depuis sa source.<\/a><\/p>\n","protected":false},"excerpt":{"rendered":"<p>Publi\u00e9 le 20.04.2019 \u00e0 19h18 par APA News Vainqueur aux 1500 m des moins de 20 ans au championnat d\u2019Afrique d\u2019athl\u00e9tisme U20 qui se d\u00e9roule \u00e0 Abidjan, le K\u00e9nyan George Manangoi, champion du monde des U20 estime que \u00ab seul le travail paie \u00bb pour r\u00e9aliser de bonnes performances.M\u00e9daill\u00e9 d\u2019or au championnat du monde d\u2019athl\u00e9tisme [&hellip;]<\/p>\n","protected":false},"author":1965,"featured_media":0,"comment_status":"closed","ping_status":"closed","sticky":false,"template":"","format":"standard","meta":{"fifu_image_url":"","fifu_image_alt":"","footnotes":""},"categories":[73,82],"tags":[],"class_list":["post-29057","post","type-post","status-publish","format-standard","hentry","category-actualite","category-cameroun"],"_links":{"self":[{"href":"https:\/\/linitiative.ca\/International\/wp-json\/wp\/v2\/posts\/29057","targetHints":{"allow":["GET"]}}],"collection":[{"href":"https:\/\/linitiative.ca\/International\/wp-json\/wp\/v2\/posts"}],"about":[{"href":"https:\/\/linitiative.ca\/International\/wp-json\/wp\/v2\/types\/post"}],"author":[{"embeddable":true,"href":"https:\/\/linitiative.ca\/International\/wp-json\/wp\/v2\/users\/1965"}],"replies":[{"embeddable":true,"href":"https:\/\/linitiative.ca\/International\/wp-json\/wp\/v2\/comments?post=29057"}],"version-history":[{"count":0,"href":"https:\/\/linitiative.ca\/International\/wp-json\/wp\/v2\/posts\/29057\/revisions"}],"wp:attachment":[{"href":"https:\/\/linitiative.ca\/International\/wp-json\/wp\/v2\/media?parent=29057"}],"wp:term":[{"taxonomy":"category","embeddable":true,"href":"https:\/\/linitiative.ca\/International\/wp-json\/wp\/v2\/categories?post=29057"},{"taxonomy":"post_tag","embeddable":true,"href":"https:\/\/linitiative.ca\/International\/wp-json\/wp\/v2\/tags?post=29057"}],"curies":[{"name":"wp","href":"https:\/\/api.w.org\/{rel}","templated":true}]}}