{"id":29058,"date":"2019-04-20T14:18:04","date_gmt":"2019-04-20T18:18:04","guid":{"rendered":"https:\/\/linitiative.ca\/International\/cote-divoire-6-personnes-tuees-dans-un-accident-de-la-circulation-sur-lautoroute-du-nord\/"},"modified":"2019-04-20T14:18:04","modified_gmt":"2019-04-20T18:18:04","slug":"cote-divoire-6-personnes-tuees-dans-un-accident-de-la-circulation-sur-lautoroute-du-nord","status":"publish","type":"post","link":"https:\/\/linitiative.ca\/International\/cote-divoire-6-personnes-tuees-dans-un-accident-de-la-circulation-sur-lautoroute-du-nord\/","title":{"rendered":"C\u00f4te d\u2019Ivoire : 6 personnes tu\u00e9es dans un accident de la circulation sur l\u2019autoroute du Nord"},"content":{"rendered":"<div readability=\"32\">\n<p>Publi\u00e9 le 20.04.2019 \u00e0 19h18 par APA News<\/p>\n<\/div>\n<div readability=\"48\">\n<p>Six personnes ont trouv\u00e9 la mort dans un accident de la circulation dans la nuit de vendredi \u00e0 samedi sur l\u2019autoroute du Nord, voie nord PK95, a appris APA samedi de source s\u00e9curitaire.\u00ab Le vendredi 19 avril 2019, \u00e0 22h43, nous sommes alert\u00e9s pour un \u00a0accident de la circulation sur l\u2019autoroute du Nord, voie nord PK95. Il \u00a0s\u2019agit d\u2019une collision entre un car de transport et un camion remorque \u00a0faisant 44 victimes dont 06 d\u00e9c\u00e8s certains. 04 refusent de se faire \u00a0\u00e9vacuer et signent des d\u00e9charges de responsabilit\u00e9, les 34 autres \u00a0\u00e9vacu\u00e9es \u00e0 l\u2019h\u00f4pital Saint Jean Baptiste de Bodo par la 7\u00e8me compagnie (N\u2019Zianouan)\u00bb, rapporte le Groupement des sapeurs pompiers militaires (GSPM) dans une note d\u2019information.<\/p>\n<p>\u00a0Au premier trimestre 2019, les \u00a0accidents de la circulation ont fait 6262 victimes dont 156 morts. \u00a0L\u2019ann\u00e9e 2018 s\u2019est achev\u00e9e avec un total de 19.968 interventions du \u00a0Groupement des sapeurs pompiers militaires (GSPM) dans le pays dont 12.974 accidents de la circulation. Quelque 27.164 victimes ont \u00e9t\u00e9 \u00a0enregistr\u00e9es dont 837 d\u00e9c\u00e8s.<\/p>\n<p><ins data-revive-zoneid=\"9\" data-revive-id=\"10111e19d28d19d031742ee3b0b33eb0\"\/> <\/div>\n<p>Auteur: APA News<br \/>\n<a href=\"https:\/\/www.journalducameroun.com\/fr\/cote-divoire-6-personnes-tuees-dans-un-accident-de-la-circulation-sur-lautoroute-du-nord\/\">Cliquez ici pour lire l&rsquo;article depuis sa source.<\/a><\/p>\n","protected":false},"excerpt":{"rendered":"<p>Publi\u00e9 le 20.04.2019 \u00e0 19h18 par APA News Six personnes ont trouv\u00e9 la mort dans un accident de la circulation dans la nuit de vendredi \u00e0 samedi sur l\u2019autoroute du Nord, voie nord PK95, a appris APA samedi de source s\u00e9curitaire.\u00ab Le vendredi 19 avril 2019, \u00e0 22h43, nous sommes alert\u00e9s pour un \u00a0accident de [&hellip;]<\/p>\n","protected":false},"author":1965,"featured_media":0,"comment_status":"closed","ping_status":"closed","sticky":false,"template":"","format":"standard","meta":{"fifu_image_url":"","fifu_image_alt":"","footnotes":""},"categories":[73,82],"tags":[],"class_list":["post-29058","post","type-post","status-publish","format-standard","hentry","category-actualite","category-cameroun"],"_links":{"self":[{"href":"https:\/\/linitiative.ca\/International\/wp-json\/wp\/v2\/posts\/29058","targetHints":{"allow":["GET"]}}],"collection":[{"href":"https:\/\/linitiative.ca\/International\/wp-json\/wp\/v2\/posts"}],"about":[{"href":"https:\/\/linitiative.ca\/International\/wp-json\/wp\/v2\/types\/post"}],"author":[{"embeddable":true,"href":"https:\/\/linitiative.ca\/International\/wp-json\/wp\/v2\/users\/1965"}],"replies":[{"embeddable":true,"href":"https:\/\/linitiative.ca\/International\/wp-json\/wp\/v2\/comments?post=29058"}],"version-history":[{"count":0,"href":"https:\/\/linitiative.ca\/International\/wp-json\/wp\/v2\/posts\/29058\/revisions"}],"wp:attachment":[{"href":"https:\/\/linitiative.ca\/International\/wp-json\/wp\/v2\/media?parent=29058"}],"wp:term":[{"taxonomy":"category","embeddable":true,"href":"https:\/\/linitiative.ca\/International\/wp-json\/wp\/v2\/categories?post=29058"},{"taxonomy":"post_tag","embeddable":true,"href":"https:\/\/linitiative.ca\/International\/wp-json\/wp\/v2\/tags?post=29058"}],"curies":[{"name":"wp","href":"https:\/\/api.w.org\/{rel}","templated":true}]}}