{"id":29060,"date":"2019-04-20T16:50:02","date_gmt":"2019-04-20T20:50:02","guid":{"rendered":"https:\/\/linitiative.ca\/International\/libye-contre-attaque-anti-haftar-les-combats-redoublent-au-sud-de-tripoli\/"},"modified":"2019-04-20T16:50:02","modified_gmt":"2019-04-20T20:50:02","slug":"libye-contre-attaque-anti-haftar-les-combats-redoublent-au-sud-de-tripoli","status":"publish","type":"post","link":"https:\/\/linitiative.ca\/International\/libye-contre-attaque-anti-haftar-les-combats-redoublent-au-sud-de-tripoli\/","title":{"rendered":"Libye: contre-attaque anti-Haftar, les combats redoublent au sud de Tripoli"},"content":{"rendered":"<p>Les combats ont redoubl\u00e9 d\u2019intensit\u00e9 samedi aux portes de Tripoli, apr\u00e8s l\u2019annonce par les forces loyales au gouvernement d\u2019union nationale (GNA) d\u2019une \u00ab\u00a0phase d\u2019attaque\u00a0\u00bb contre les troupes du mar\u00e9chal Khalifa Haftar lanc\u00e9es \u00e0 la conqu\u00eate de la capitale libyenne.<\/p>\n<p>Les troupes de l\u2019Arm\u00e9e nationale libyenne (ANL) du mar\u00e9chal Haftar, l\u2019homme fort de l\u2019est du pays, ont lanc\u00e9 le 4 avril une offensive contre le GNA, dirig\u00e9 par Fayez al-Sarraj et seul gouvernement reconnu par la communaut\u00e9 internationale.<\/p>\n<p>Les positions \u00e9taient fig\u00e9es dans la banlieue sud de Tripoli depuis plusieurs jours. Mais apr\u00e8s avoir contenu la progression de l\u2019ANL, \u00ab\u00a0nous avons commenc\u00e9 la phase d\u2019attaque\u00a0\u00bb, a d\u00e9clar\u00e9 samedi \u00e0 l\u2019AFP Moustafa al-Mejii, un porte-parole de l\u2019op\u00e9ration militaire du GNA.<\/p>\n<p>\u00ab\u00a0Des ordres ont \u00e9t\u00e9 donn\u00e9s d\u00e8s les premi\u00e8res heures de la matin\u00e9e pour avancer et gagner du terrain\u00a0\u00bb, a-t-il affirm\u00e9.<\/p>\n<p>Cette contre-attaque intervient au lendemain de l\u2019annonce par la Maison Blanche d\u2019un entretien t\u00e9l\u00e9phonique lundi entre le pr\u00e9sident Donald Trump et Haftar sur une \u00ab\u00a0vision commune pour la transition de la Libye vers un syst\u00e8me politique d\u00e9mocratique et stable\u00a0\u00bb.<\/p>\n<p>Les deux hommes ont notamment discut\u00e9 \u00ab\u00a0de la n\u00e9cessit\u00e9 de parvenir \u00e0 la paix et \u00e0 la stabilit\u00e9 en Libye\u00a0\u00bb, selon la Maison Blanche, indiquant que le pr\u00e9sident am\u00e9ricain a \u00ab\u00a0reconnu le r\u00f4le significatif du mar\u00e9chal Haftar dans la lutte contre le terrorisme et la s\u00e9curisation des ressources p\u00e9troli\u00e8res de Libye\u00a0\u00bb.<\/p>\n<p>\u00ab\u00a0Nous avons remport\u00e9 la bataille politique et nous avons convaincu le monde que les forces arm\u00e9es (de l\u2019ANL) combattent le terrorisme\u00a0\u00bb, s\u2019est f\u00e9licit\u00e9 samedi soir le porte-parole de l\u2019ANL, Ahmad Al-Mesmari.<\/p>\n<p>M. Mesmari a fait \u00e9tat de son c\u00f4t\u00e9 de \u00ab\u00a0combats tr\u00e8s violents\u00a0\u00bb sur plusieurs fronts, affirmant que \u00ab\u00a0l\u2019ennemi a re\u00e7u des renforts des terroristes d\u2019Al Qaida et de l\u2019Etat islamique et de mercenaires \u00e9trangers\u00a0\u00bb.<\/p>\n<p>\u2013 Frappes a\u00e9riennes<\/p>\n<p>\u2013<\/p>\n<p>Il n\u2019a toutefois pas reconnu la perte de certaines positions, en particulier \u00e0 Ain Zara, dans la banlieue sud de Tripoli.<\/p>\n<p>Une \u00e9quipe de l\u2019AFP a observ\u00e9 une progression des forces pro-GNA dans cette r\u00e9gion, o\u00f9 la ligne de front s\u2019est d\u00e9plac\u00e9e de quelques kilom\u00e8tres vers le sud.<\/p>\n<p>Les combats faisaient encore rage dans l\u2019apr\u00e8s-midi sur une nouvelle ligne, d\u00e9partag\u00e9e par une butte de terrain. Les deux camps s\u2019y affrontaient \u00e0 coups de rafales d\u2019armes l\u00e9g\u00e8res et de mitrailleuses, de tirs d\u2019obus, de roquettes et de canons antia\u00e9riens.<\/p>\n<p><ins data-revive-zoneid=\"9\" data-revive-id=\"10111e19d28d19d031742ee3b0b33eb0\"\/> <\/p>\n<p>Les lourdes d\u00e9tonations des combats ont retenti dans plusieurs quartiers de la capitale libyenne durant toute la journ\u00e9e.<\/p>\n<p>La Force de protection de Tripoli -coalition de milices tripolitaines pro-GNA et appuy\u00e9e par la force anti-terroriste de la ville de Misrata- a aussi avanc\u00e9 \u00e0 Wadi Rabie, \u00e9galement situ\u00e9e dans la banlieue sud de Tripoli, \u00e0 la faveur d\u2019une attaque \u00e0 \u00ab\u00a0l\u2019artillerie lourde et aux armes de calibre moyen d\u00e8s les premi\u00e8res heures de la matin\u00e9e\u00a0\u00bb, a indiqu\u00e9 \u00e0 l\u2019AFP un commandant de cette force sur le terrain.<\/p>\n<p>Sept frappes a\u00e9riennes ont \u00e9t\u00e9 men\u00e9es contre des positions militaires de l\u2019ANL, notamment au sud de Gharian, localit\u00e9 situ\u00e9e \u00e0 une centaine de kilom\u00e8tres au sud-ouest de Tripoli, ainsi que contre la base a\u00e9rienne d\u2019al-Wotya, \u00e0 une cinquantaine de kilom\u00e8tres plus loin, a indiqu\u00e9 un autre porte-parole, le colonel Mohamad Gnounou.<\/p>\n<p>Se f\u00e9licitant de l&rsquo;\u00a0\u00bbavanc\u00e9e\u00a0\u00bb de ses troupes, M. Sarraj les a appel\u00e9es dans un communiqu\u00e9 \u00e0 respecter le droit humanitaire international.<\/p>\n<p>De son c\u00f4t\u00e9, l\u2019ANL a affirm\u00e9 \u00ab\u00a0prendre le contr\u00f4le de plusieurs nouvelles positions sur les fronts des combats \u00e0 Tripoli\u00a0\u00bb.<\/p>\n<p>\u00ab\u00a0Nos forces progressent alors que les milices du GNA battent en retraite sur tous les fronts\u00a0\u00bb, a-t-elle indiqu\u00e9 sur sa page Facebook officielle, ajoutant que \u00ab\u00a0des renforts sont arriv\u00e9s sur les fronts \u2013des brigades militaires, des bataillons de l\u2019arm\u00e9e\u2013 pour (remporter) la bataille le plus t\u00f4t possible\u00a0\u00bb.<\/p>\n<p>\u2013 Situation bloqu\u00e9e \u00e0 l\u2019ONU \u2013<\/p>\n<p>Depuis le d\u00e9but de l\u2019offensive de Haftar, le 4 avril, les combats ont fait au moins 220 morts, 1.066 bless\u00e9s et plus de 30.000 d\u00e9plac\u00e9s, selon l\u2019ONU, qui redoute d\u2019une reprise des affrontements dans ce pays r\u00e9guli\u00e8rement secou\u00e9 par les conflits depuis la chute de Mouammar Khadafi en 2011.<\/p>\n<p>Son \u00e9missaire en Libye, Ghassan Salam\u00e9, a mis en garde jeudi contre un \u00ab\u00a0embrasement g\u00e9n\u00e9ralis\u00e9\u00a0\u00bb du pays, jugeant dans un entretien \u00e0 l\u2019AFP que l\u2019offensive d\u2019Haftar avait \u00e9t\u00e9 \u00ab\u00a0encourag\u00e9e\u00a0\u00bb par les divisions internationales.<\/p>\n<p>L\u2019impasse persiste au Conseil de S\u00e9curit\u00e9, o\u00f9 le Royaume-Uni s\u2019est efforc\u00e9 en vain, avec le soutien de l\u2019Allemagne et la France, de faire approuver une r\u00e9solution r\u00e9clamant un cessez-le-feu et un acc\u00e8s humanitaire inconditionnel aux zones de combat.<\/p>\n<p>Mais les Etats-Unis et Russie, pour une fois sur une m\u00eame ligne, n\u2019y sont pas favorables, au risque d\u2019affaiblir les efforts de l\u2019ONU dans ce dossier.<\/p>\n<p>Auteur: AFP<br \/>\n<a href=\"https:\/\/www.journalducameroun.com\/fr\/libye-contre-attaque-anti-haftar-les-combats-redoublent-au-sud-de-tripoli\/\">Cliquez ici pour lire l&rsquo;article depuis sa source.<\/a><\/p>\n","protected":false},"excerpt":{"rendered":"<p>Les combats ont redoubl\u00e9 d\u2019intensit\u00e9 samedi aux portes de Tripoli, apr\u00e8s l\u2019annonce par les forces loyales au gouvernement d\u2019union nationale (GNA) d\u2019une \u00ab\u00a0phase d\u2019attaque\u00a0\u00bb contre les troupes du mar\u00e9chal Khalifa Haftar lanc\u00e9es \u00e0 la conqu\u00eate de la capitale libyenne. Les troupes de l\u2019Arm\u00e9e nationale libyenne (ANL) du mar\u00e9chal Haftar, l\u2019homme fort de l\u2019est du pays, [&hellip;]<\/p>\n","protected":false},"author":1965,"featured_media":0,"comment_status":"closed","ping_status":"closed","sticky":false,"template":"","format":"standard","meta":{"fifu_image_url":"","fifu_image_alt":"","footnotes":""},"categories":[73,82],"tags":[],"class_list":["post-29060","post","type-post","status-publish","format-standard","hentry","category-actualite","category-cameroun"],"_links":{"self":[{"href":"https:\/\/linitiative.ca\/International\/wp-json\/wp\/v2\/posts\/29060","targetHints":{"allow":["GET"]}}],"collection":[{"href":"https:\/\/linitiative.ca\/International\/wp-json\/wp\/v2\/posts"}],"about":[{"href":"https:\/\/linitiative.ca\/International\/wp-json\/wp\/v2\/types\/post"}],"author":[{"embeddable":true,"href":"https:\/\/linitiative.ca\/International\/wp-json\/wp\/v2\/users\/1965"}],"replies":[{"embeddable":true,"href":"https:\/\/linitiative.ca\/International\/wp-json\/wp\/v2\/comments?post=29060"}],"version-history":[{"count":0,"href":"https:\/\/linitiative.ca\/International\/wp-json\/wp\/v2\/posts\/29060\/revisions"}],"wp:attachment":[{"href":"https:\/\/linitiative.ca\/International\/wp-json\/wp\/v2\/media?parent=29060"}],"wp:term":[{"taxonomy":"category","embeddable":true,"href":"https:\/\/linitiative.ca\/International\/wp-json\/wp\/v2\/categories?post=29060"},{"taxonomy":"post_tag","embeddable":true,"href":"https:\/\/linitiative.ca\/International\/wp-json\/wp\/v2\/tags?post=29060"}],"curies":[{"name":"wp","href":"https:\/\/api.w.org\/{rel}","templated":true}]}}