{"id":29063,"date":"2019-04-20T17:18:02","date_gmt":"2019-04-20T21:18:02","guid":{"rendered":"https:\/\/linitiative.ca\/International\/burkina-15-musiciens-africains-dont-7-burkinabe-invites-dhonneur-au-kunde-2019\/"},"modified":"2019-04-20T17:18:02","modified_gmt":"2019-04-20T21:18:02","slug":"burkina-15-musiciens-africains-dont-7-burkinabe-invites-dhonneur-au-kunde-2019","status":"publish","type":"post","link":"https:\/\/linitiative.ca\/International\/burkina-15-musiciens-africains-dont-7-burkinabe-invites-dhonneur-au-kunde-2019\/","title":{"rendered":"Burkina: 15 musiciens africains dont 7 Burkinab\u00e8 invit\u00e9s d\u2019honneur au Kund\u00e9 2019"},"content":{"rendered":"<div readability=\"32\">\n<p>Publi\u00e9 le 20.04.2019 \u00e0 22h18 par APA News<\/p>\n<\/div>\n<div readability=\"81\">\n<p>Quinze artistes musiciens africains dont sept burkinab\u00e8 sont les invit\u00e9s d\u2019honneur \u00e0 la soir\u00e9e de gala et de r\u00e9compenses de la musique au Burkina Faso, pr\u00e9vue vendredi prochain \u00e0 Ouagadougou, a appris APA aupr\u00e8s des organisateurs.Selon le comit\u00e9 d\u2019organisation qui animait une conf\u00e9rence de presse \u00e0 Ouagadougou, en pr\u00e9lude \u00e0 l\u2019\u00e9v\u00e8nement, le plateau artistique sera compos\u00e9 \u00e9galement de cinq musiciens de la C\u00f4te d\u2019Ivoire, d\u2019un du B\u00e9nin, d\u2019un de Madagascar et d\u2019un du Congo Brazzaville.\u00a0<\/p>\n<p>Les artistes du Burkina Faso invit\u00e9s sont : la compagnie Fienta qui est une troupe de danse de sourds muets, Marie Gayeri, Amzy, Big solide, Tanya, Josias Boena et Limachel.\u00a0<\/p>\n<p>Les autres artistes, toujours selon les organisateurs, sont Bebi Philip, Kiff no Beat, Rocky Gold, Kerozen et Magic Diezel qui viendront de la C\u00f4te d\u2019Ivoire tandis que Freddy de Majunga est l\u2019invit\u00e9 de Madagascar, Kiri \u00a0Kanta du B\u00e9nin et Roga Roga du Congo.<\/p>\n<p>Il ressort que la soir\u00e9e qui se tiendra \u00a0au palais des Sports de Ouaga 2000, sera aussi agr\u00e9ment\u00e9e par une parade de \u00abSapeurs\u00bb, des d\u00e9fil\u00e9s de modes, etc.\u00a0<\/p>\n<p>Cette c\u00e9r\u00e9monie de r\u00e9compense des \u00abmeilleurs\u00bb artistes au Burkina Faso, constitue un \u00e9v\u00e8nement culturel majeur du continent et est plac\u00e9e cette ann\u00e9e \u00a0sous le patronage \u00a0de la premi\u00e8re dame du Faso, Sika Kabor\u00e9.<\/p>\n<p><ins data-revive-zoneid=\"9\" data-revive-id=\"10111e19d28d19d031742ee3b0b33eb0\"\/> <\/p>\n<p>En rappel, les trois nomm\u00e9s au Kund\u00e9 d\u2019or 2019 sont Floby, Ma\u00ef Lingani et Nabal\u00fcm.\u00a0<\/p>\n<p>L\u2019After Kund\u00e9 est pr\u00e9vu le samedi 27 avril au palais des Sports de Ouaga 2000 avec les artistes Kiff No beat, Bebi Philip, Rocky Gold, Magic Diezel et 5 laur\u00e9ats des Kund\u00e9.<\/p>\n<\/div>\n<p>Auteur: APA News<br \/>\n<a href=\"https:\/\/www.journalducameroun.com\/fr\/burkina-15-musiciens-africains-dont-7-burkinabe-invites-dhonneur-au-kunde-2019\/\">Cliquez ici pour lire l&rsquo;article depuis sa source.<\/a><\/p>\n","protected":false},"excerpt":{"rendered":"<p>Publi\u00e9 le 20.04.2019 \u00e0 22h18 par APA News Quinze artistes musiciens africains dont sept burkinab\u00e8 sont les invit\u00e9s d\u2019honneur \u00e0 la soir\u00e9e de gala et de r\u00e9compenses de la musique au Burkina Faso, pr\u00e9vue vendredi prochain \u00e0 Ouagadougou, a appris APA aupr\u00e8s des organisateurs.Selon le comit\u00e9 d\u2019organisation qui animait une conf\u00e9rence de presse \u00e0 Ouagadougou, [&hellip;]<\/p>\n","protected":false},"author":1965,"featured_media":0,"comment_status":"closed","ping_status":"closed","sticky":false,"template":"","format":"standard","meta":{"fifu_image_url":"","fifu_image_alt":"","footnotes":""},"categories":[73,82],"tags":[],"class_list":["post-29063","post","type-post","status-publish","format-standard","hentry","category-actualite","category-cameroun"],"_links":{"self":[{"href":"https:\/\/linitiative.ca\/International\/wp-json\/wp\/v2\/posts\/29063","targetHints":{"allow":["GET"]}}],"collection":[{"href":"https:\/\/linitiative.ca\/International\/wp-json\/wp\/v2\/posts"}],"about":[{"href":"https:\/\/linitiative.ca\/International\/wp-json\/wp\/v2\/types\/post"}],"author":[{"embeddable":true,"href":"https:\/\/linitiative.ca\/International\/wp-json\/wp\/v2\/users\/1965"}],"replies":[{"embeddable":true,"href":"https:\/\/linitiative.ca\/International\/wp-json\/wp\/v2\/comments?post=29063"}],"version-history":[{"count":0,"href":"https:\/\/linitiative.ca\/International\/wp-json\/wp\/v2\/posts\/29063\/revisions"}],"wp:attachment":[{"href":"https:\/\/linitiative.ca\/International\/wp-json\/wp\/v2\/media?parent=29063"}],"wp:term":[{"taxonomy":"category","embeddable":true,"href":"https:\/\/linitiative.ca\/International\/wp-json\/wp\/v2\/categories?post=29063"},{"taxonomy":"post_tag","embeddable":true,"href":"https:\/\/linitiative.ca\/International\/wp-json\/wp\/v2\/tags?post=29063"}],"curies":[{"name":"wp","href":"https:\/\/api.w.org\/{rel}","templated":true}]}}