{"id":29079,"date":"2019-04-21T04:00:00","date_gmt":"2019-04-21T08:00:00","guid":{"rendered":"https:\/\/linitiative.ca\/International\/17-nouveaux-etablissements-superieurs-en-projet\/"},"modified":"2019-04-21T04:00:00","modified_gmt":"2019-04-21T08:00:00","slug":"17-nouveaux-etablissements-superieurs-en-projet","status":"publish","type":"post","link":"https:\/\/linitiative.ca\/International\/17-nouveaux-etablissements-superieurs-en-projet\/","title":{"rendered":"17 nouveaux \u00e9tablissements sup\u00e9rieurs en projet"},"content":{"rendered":"<p><img decoding=\"async\" class=\"post_layout_5_img\" src=\"http:\/\/aujourdhui.ma\/wp-content\/uploads\/2017\/05\/Ensaj-Amphi.jpg?x29840\" alt=\"17 nouveaux \u00e9tablissements sup\u00e9rieurs en projet\"\/><\/p>\n<p class=\"p1\"><span class=\"c4\"><strong><em>Facult\u00e9s, \u00e9coles sup\u00e9rieures d\u2019\u00e9ducation et de formation,\u00a0<\/em><em>\u00e9coles nationales de commerce et de gestion\u2026<\/em><\/strong><\/span><span id=\"more-309540\"\/><\/p>\n<p class=\"p1\"><span class=\"s1\">Le Conseil de gouvernement a adopt\u00e9 r\u00e9cemment un projet de d\u00e9cret relatif \u00e0 la cr\u00e9ation de nouveaux \u00e9tablissements universitaires et au changement des appellations d\u2019autres. Il s\u2019agit d\u2019un projet initi\u00e9 dans le cadre de la strat\u00e9gie du minist\u00e8re de tutelle visant \u00e0 rapprocher les \u00e9tablissements universitaires des \u00e9tudiants. Ce projet de d\u00e9cret entend diversifier les formations au sein des universit\u00e9s dans l\u2019objectif de satisfaire les attentes et demandes du march\u00e9 de l\u2019emploi, tout en am\u00e9liorant les conditions d\u2019encadrement dans ces \u00e9tablissements et en adaptant la carte universitaire au d\u00e9coupage r\u00e9gional actuel.<\/span><\/p>\n<p class=\"p1\"><span class=\"s1\">Dans ce sens, le texte concerne la cr\u00e9ation de nouveaux \u00e9tablissements universitaires, dont trois facult\u00e9s pluridisciplinaires \u00e0 Berrechid, Sidi Bennour et Ksar El Kebir relevant, respectivement, des universit\u00e9s Hassan 1er de Settat, Chouaib Doukkali d\u2019El Jadida et Abdelmalek Essaadi de T\u00e9touan. En effet, le nouveau projet pr\u00e9voit aussi la cr\u00e9ation de six \u00e9coles sup\u00e9rieures d\u2019\u00e9ducation et de formation \u00e0 K\u00e9nitra, El Jadida, Oujda, B\u00e9ni Mellal, Agadir et Settat. Celles-ci seront rattach\u00e9es respectivement aux universit\u00e9s Ibn Tofail de K\u00e9nitra, Chouaib Doukkali d\u2019El Jadida, Mohammed 1er d\u2019Oujda, Sultan Moulay Slimane de Beni Mellal, Ibn Zohr d\u2019Agadir et Hassan 1er de Settat. Est \u00e9galement pr\u00e9vue la cr\u00e9ation de deux \u00e9coles nationales de commerce et de gestion \u00e0 Mekn\u00e8s et Beni Mellal, relevant respectivement des universit\u00e9s Moulay Ismail de Mekn\u00e8s et de l\u2019universit\u00e9 Sultan Moulay Slimane de Beni Mellal. Il s\u2018agit \u00e9galement d\u2019une facult\u00e9 d\u2019\u00e9conomie et de gestion \u00e0 Beni Mellal, relevant de l\u2019universit\u00e9 Sultan Moulay Slimane, deux facult\u00e9s de langues, d\u2019arts et de sciences humaines \u00e0 Settat et Ait Melloul, relevant des universit\u00e9s Hassan 1er de Settat et Ibn Zohr d\u2019Agadir. De plus, le projet pr\u00e9voit la cr\u00e9ation d\u2019une facult\u00e9 des sciences appliqu\u00e9es \u00e0 K\u00e9nitra (universit\u00e9 Ibn Tofail) et une Ecole sup\u00e9rieure de technologie \u00e0 Fqih Ben Saleh (universit\u00e9 Sultan Moulay Slimane de Beni Mellal).<\/span><\/p>\n<p class=\"p1\"><span class=\"s1\">Par ailleurs, ce projet de d\u00e9cret stipule le changement des appellations de certains \u00e9tablissements universitaires. Ainsi, les Ecoles normales sup\u00e9rieures deviendront Ecoles sup\u00e9rieures d\u2019\u00e9ducation et de formation, la facult\u00e9 Ossoul Eddine relevant de l\u2019universit\u00e9 Abdelmalek Essaadi de T\u00e9touan deviendra d\u00e9sormais facult\u00e9 Oussoul Eddine et dialogue des civilisations. De plus, l\u2019Ecole sup\u00e9rieure de technologie relevant de l\u2019universit\u00e9 Sultan Moulay Slimane de Beni Mellal devenue Ecole nationale des sciences appliqu\u00e9es. Il s\u2019agit aussi de la facult\u00e9 des sciences Chariyyah de Essamara relevant de l\u2019universit\u00e9 Ibn Zohr d\u2019Agadir, baptis\u00e9e Facult\u00e9 polydisciplinaire de Essamara.<\/span><\/p>\n<p>Auteur: Siham Jadraoui<br \/>\n<a href=\"http:\/\/aujourdhui.ma\/emploi\/formation\/17-nouveaux-etablissements-superieurs-en-projet\">Cliquez ici pour lire l&rsquo;article depuis sa source.<\/a><\/p>\n","protected":false},"excerpt":{"rendered":"<p>Facult\u00e9s, \u00e9coles sup\u00e9rieures d\u2019\u00e9ducation et de formation,\u00a0\u00e9coles nationales de commerce et de gestion\u2026 Le Conseil de gouvernement a adopt\u00e9 r\u00e9cemment un projet de d\u00e9cret relatif \u00e0 la cr\u00e9ation de nouveaux \u00e9tablissements universitaires et au changement des appellations d\u2019autres. Il s\u2019agit d\u2019un projet initi\u00e9 dans le cadre de la strat\u00e9gie du minist\u00e8re de tutelle visant \u00e0 [&hellip;]<\/p>\n","protected":false},"author":1759,"featured_media":0,"comment_status":"closed","ping_status":"closed","sticky":false,"template":"","format":"standard","meta":{"fifu_image_url":"","fifu_image_alt":"","footnotes":""},"categories":[73,54],"tags":[],"class_list":["post-29079","post","type-post","status-publish","format-standard","hentry","category-actualite","category-maroc"],"_links":{"self":[{"href":"https:\/\/linitiative.ca\/International\/wp-json\/wp\/v2\/posts\/29079","targetHints":{"allow":["GET"]}}],"collection":[{"href":"https:\/\/linitiative.ca\/International\/wp-json\/wp\/v2\/posts"}],"about":[{"href":"https:\/\/linitiative.ca\/International\/wp-json\/wp\/v2\/types\/post"}],"author":[{"embeddable":true,"href":"https:\/\/linitiative.ca\/International\/wp-json\/wp\/v2\/users\/1759"}],"replies":[{"embeddable":true,"href":"https:\/\/linitiative.ca\/International\/wp-json\/wp\/v2\/comments?post=29079"}],"version-history":[{"count":0,"href":"https:\/\/linitiative.ca\/International\/wp-json\/wp\/v2\/posts\/29079\/revisions"}],"wp:attachment":[{"href":"https:\/\/linitiative.ca\/International\/wp-json\/wp\/v2\/media?parent=29079"}],"wp:term":[{"taxonomy":"category","embeddable":true,"href":"https:\/\/linitiative.ca\/International\/wp-json\/wp\/v2\/categories?post=29079"},{"taxonomy":"post_tag","embeddable":true,"href":"https:\/\/linitiative.ca\/International\/wp-json\/wp\/v2\/tags?post=29079"}],"curies":[{"name":"wp","href":"https:\/\/api.w.org\/{rel}","templated":true}]}}