{"id":29080,"date":"2019-04-21T04:02:36","date_gmt":"2019-04-21T08:02:36","guid":{"rendered":"https:\/\/linitiative.ca\/International\/couverture-medicale-des-independants-une-priorite-du-programme-gouvernemental\/"},"modified":"2019-04-21T04:02:36","modified_gmt":"2019-04-21T08:02:36","slug":"couverture-medicale-des-independants-une-priorite-du-programme-gouvernemental","status":"publish","type":"post","link":"https:\/\/linitiative.ca\/International\/couverture-medicale-des-independants-une-priorite-du-programme-gouvernemental\/","title":{"rendered":"Couverture m\u00e9dicale des ind\u00e9pendants : Une priorit\u00e9  du programme gouvernemental"},"content":{"rendered":"<header>\n<\/header>\n<div class=\"entry-content clearfix\" readability=\"60\"><img decoding=\"async\" class=\"post_layout_5_img\" src=\"http:\/\/aujourdhui.ma\/wp-content\/uploads\/2019\/04\/Assurance-couverture-me%CC%81dicale.jpg?x29840\" alt=\"Couverture m\u00e9dicale des ind\u00e9pendants : Une priorit\u00e9 du programme gouvernemental\"\/><\/p>\n<p class=\"p1\"><span class=\"s1\"><span class=\"c4\"><strong>Le ministre de la sant\u00e9, Anass Doukkali, se veut rassurant s\u2019agissant de la couverture m\u00e9dicale des ind\u00e9pendants et des professionnels lib\u00e9raux.<\/strong><\/span><\/span><span id=\"more-309571\"\/><\/p>\n<p class=\"p1\"><span class=\"s1\">Ce dernier a assur\u00e9 mardi dernier au Parlement qu\u2019elle constitue une priorit\u00e9 du programme gouvernemental et un moyen d\u2019atteindre une couverture m\u00e9dicale globale. Le ministre a soulign\u00e9 que l\u2019acc\u00e8s de cette cat\u00e9gorie repr\u00e9sentant entre 10 et 11 millions de personnes \u00e0 ce r\u00e9gime est un pas en avant dans le processus de g\u00e9n\u00e9ralisation de cette couverture m\u00e9dicale.<\/span><\/p>\n<p class=\"p1\"><span class=\"s1\">Apr\u00e8s avoir rappel\u00e9 le d\u00e9cret fixant les taux de cotisation \u00e0 verser \u00e0 la Caisse nationale de s\u00e9curit\u00e9 sociale (CNSS) au titre de l\u2019assurance maladie obligatoire (AMO) pour les travailleurs ind\u00e9pendants et les personnes non-salari\u00e9es exer\u00e7ant une profession lib\u00e9rale \u00e0 hauteur de 6,37% du revenu imposable \u00e0 chaque cat\u00e9gorie \u00e0 laquelle l\u2019assur\u00e9 appartient, M. Doukkali a estim\u00e9 qu\u2019il est difficile de fixer le revenu imposable \u00e0 chaque cat\u00e9gorie, sous-cat\u00e9gorie ou \u00e0 plusieurs cat\u00e9gories. Les associations, les chambres professionnelles, les syndicats et les<span class=\"Apple-converted-space\">\u00a0<\/span> groupements professionnels sont appel\u00e9s \u00e0 fournir toutes les donn\u00e9es relatives \u00e0 ces cat\u00e9gories \u00e0 la CNSS charg\u00e9es de la gestion de ce r\u00e9gime.<\/span><\/p>\n<p class=\"p1\"><span class=\"s1\">Le ministre a rappel\u00e9 qu\u2019une commission compos\u00e9e des repr\u00e9sentants des minist\u00e8res de la sant\u00e9, du travail et de l\u2019Insertion professionnelle, de la CNSS et de l\u2019Agence nationale de l\u2019assurance-maladie, a tenu une s\u00e9rie de consultations avec les d\u00e9partements concern\u00e9s. Concernant les professions organis\u00e9es, telles que la m\u00e9decine et la pharmacie, des progr\u00e8s importants ont \u00e9t\u00e9 r\u00e9alis\u00e9s puisque les professionnels devront soumettre leurs propositions avant la publication du d\u00e9cret et l\u2019entr\u00e9e en vigueur de la couverture m\u00e9dicale au profit de cette cat\u00e9gorie.<\/span><\/p>\n<\/div>\n<p>Auteur: ALM<br \/>\n<a href=\"http:\/\/aujourdhui.ma\/societe\/couverture-medicale-des-independants-une-priorite-du-programme-gouvernemental\">Cliquez ici pour lire l&rsquo;article depuis sa source.<\/a><\/p>\n","protected":false},"excerpt":{"rendered":"<p>Le ministre de la sant\u00e9, Anass Doukkali, se veut rassurant s\u2019agissant de la couverture m\u00e9dicale des ind\u00e9pendants et des professionnels lib\u00e9raux. Ce dernier a assur\u00e9 mardi dernier au Parlement qu\u2019elle constitue une priorit\u00e9 du programme gouvernemental et un moyen d\u2019atteindre une couverture m\u00e9dicale globale. Le ministre a soulign\u00e9 que l\u2019acc\u00e8s de cette cat\u00e9gorie repr\u00e9sentant entre [&hellip;]<\/p>\n","protected":false},"author":1759,"featured_media":0,"comment_status":"closed","ping_status":"closed","sticky":false,"template":"","format":"standard","meta":{"fifu_image_url":"","fifu_image_alt":"","footnotes":""},"categories":[73,54],"tags":[],"class_list":["post-29080","post","type-post","status-publish","format-standard","hentry","category-actualite","category-maroc"],"_links":{"self":[{"href":"https:\/\/linitiative.ca\/International\/wp-json\/wp\/v2\/posts\/29080","targetHints":{"allow":["GET"]}}],"collection":[{"href":"https:\/\/linitiative.ca\/International\/wp-json\/wp\/v2\/posts"}],"about":[{"href":"https:\/\/linitiative.ca\/International\/wp-json\/wp\/v2\/types\/post"}],"author":[{"embeddable":true,"href":"https:\/\/linitiative.ca\/International\/wp-json\/wp\/v2\/users\/1759"}],"replies":[{"embeddable":true,"href":"https:\/\/linitiative.ca\/International\/wp-json\/wp\/v2\/comments?post=29080"}],"version-history":[{"count":0,"href":"https:\/\/linitiative.ca\/International\/wp-json\/wp\/v2\/posts\/29080\/revisions"}],"wp:attachment":[{"href":"https:\/\/linitiative.ca\/International\/wp-json\/wp\/v2\/media?parent=29080"}],"wp:term":[{"taxonomy":"category","embeddable":true,"href":"https:\/\/linitiative.ca\/International\/wp-json\/wp\/v2\/categories?post=29080"},{"taxonomy":"post_tag","embeddable":true,"href":"https:\/\/linitiative.ca\/International\/wp-json\/wp\/v2\/tags?post=29080"}],"curies":[{"name":"wp","href":"https:\/\/api.w.org\/{rel}","templated":true}]}}