{"id":29083,"date":"2019-04-21T04:09:39","date_gmt":"2019-04-21T08:09:39","guid":{"rendered":"https:\/\/linitiative.ca\/International\/taounate-une-handicapee-motrice-violee\/"},"modified":"2019-04-21T04:09:39","modified_gmt":"2019-04-21T08:09:39","slug":"taounate-une-handicapee-motrice-violee","status":"publish","type":"post","link":"https:\/\/linitiative.ca\/International\/taounate-une-handicapee-motrice-violee\/","title":{"rendered":"Taounate : Une handicap\u00e9e motrice viol\u00e9e"},"content":{"rendered":"<header>\n<\/header>\n<div class=\"entry-content clearfix\" readability=\"53\"><img decoding=\"async\" class=\"post_layout_5_img\" src=\"http:\/\/aujourdhui.ma\/wp-content\/uploads\/2018\/05\/Viol.jpg?x29840\" alt=\"Taounate : Une handicap\u00e9e motrice viol\u00e9e\"\/><\/p>\n<p class=\"p1\"><span class=\"s1\"><span class=\"c4\"><strong>Pour avoir viol\u00e9 une jeune fille handicap\u00e9e motrice, \u00e2g\u00e9e de vingt-quatre ans, demeurant au douar Tamallaout relevant de la commune rurale Tamazgana, dans la province de Taounate, un jeune homme de vingt-deux ans a \u00e9t\u00e9 arr\u00eat\u00e9 et traduit devant le parquet g\u00e9n\u00e9ral pr\u00e8s la Cour d\u2019appel de F\u00e8s.<\/strong><\/span><\/span> <span id=\"more-309464\"\/><\/p>\n<p class=\"p1\"><span class=\"s1\">Une jeune fille de dix-huit ans qui a \u00e9t\u00e9 engag\u00e9e par le jeune violeur pour convaincre la victime de les accompagner passer une journ\u00e9e \u00e0 c\u00f4t\u00e9 du barrage, ainsi que leur ami qui a assist\u00e9 au viol ont \u00e9galement \u00e9t\u00e9 arr\u00eat\u00e9s.\u00a0<\/span><\/p>\n<p class=\"p1\"><span class=\"s1\">En effet, \u00e0 bord de la voiture conduite par le mis en cause principal, les deux jeunes filles et le jeune homme qui les accompagnait sont arriv\u00e9s au barrage. Se retrouvant seul avec la handicap\u00e9e, le mis en cause a conduit la fille vers un lieu loin des regards pour abuser d\u2019elle sauvagement. Mais en retournant chez elle, la victime a tout confi\u00e9 \u00e0 sa m\u00e8re laquelle a port\u00e9 plainte.<\/span><\/p>\n<\/div>\n<p>Auteur: Abderrafii ALOUMLIKI<br \/>\n<a href=\"http:\/\/aujourdhui.ma\/faits-divers\/taounate-une-handicapee-motrice-violee\">Cliquez ici pour lire l&rsquo;article depuis sa source.<\/a><\/p>\n","protected":false},"excerpt":{"rendered":"<p>Pour avoir viol\u00e9 une jeune fille handicap\u00e9e motrice, \u00e2g\u00e9e de vingt-quatre ans, demeurant au douar Tamallaout relevant de la commune rurale Tamazgana, dans la province de Taounate, un jeune homme de vingt-deux ans a \u00e9t\u00e9 arr\u00eat\u00e9 et traduit devant le parquet g\u00e9n\u00e9ral pr\u00e8s la Cour d\u2019appel de F\u00e8s. Une jeune fille de dix-huit ans qui [&hellip;]<\/p>\n","protected":false},"author":1759,"featured_media":0,"comment_status":"closed","ping_status":"closed","sticky":false,"template":"","format":"standard","meta":{"fifu_image_url":"","fifu_image_alt":"","footnotes":""},"categories":[73,54],"tags":[],"class_list":["post-29083","post","type-post","status-publish","format-standard","hentry","category-actualite","category-maroc"],"_links":{"self":[{"href":"https:\/\/linitiative.ca\/International\/wp-json\/wp\/v2\/posts\/29083","targetHints":{"allow":["GET"]}}],"collection":[{"href":"https:\/\/linitiative.ca\/International\/wp-json\/wp\/v2\/posts"}],"about":[{"href":"https:\/\/linitiative.ca\/International\/wp-json\/wp\/v2\/types\/post"}],"author":[{"embeddable":true,"href":"https:\/\/linitiative.ca\/International\/wp-json\/wp\/v2\/users\/1759"}],"replies":[{"embeddable":true,"href":"https:\/\/linitiative.ca\/International\/wp-json\/wp\/v2\/comments?post=29083"}],"version-history":[{"count":0,"href":"https:\/\/linitiative.ca\/International\/wp-json\/wp\/v2\/posts\/29083\/revisions"}],"wp:attachment":[{"href":"https:\/\/linitiative.ca\/International\/wp-json\/wp\/v2\/media?parent=29083"}],"wp:term":[{"taxonomy":"category","embeddable":true,"href":"https:\/\/linitiative.ca\/International\/wp-json\/wp\/v2\/categories?post=29083"},{"taxonomy":"post_tag","embeddable":true,"href":"https:\/\/linitiative.ca\/International\/wp-json\/wp\/v2\/tags?post=29083"}],"curies":[{"name":"wp","href":"https:\/\/api.w.org\/{rel}","templated":true}]}}