{"id":29111,"date":"2019-04-21T13:47:50","date_gmt":"2019-04-21T17:47:50","guid":{"rendered":"https:\/\/linitiative.ca\/International\/oum-el-bouaghi-6eme-edition-de-la-fete-du-fromage-traditionnel-bouhezza\/"},"modified":"2019-04-21T13:47:50","modified_gmt":"2019-04-21T17:47:50","slug":"oum-el-bouaghi-6eme-edition-de-la-fete-du-fromage-traditionnel-bouhezza","status":"publish","type":"post","link":"https:\/\/linitiative.ca\/International\/oum-el-bouaghi-6eme-edition-de-la-fete-du-fromage-traditionnel-bouhezza\/","title":{"rendered":"Oum El Bouaghi : 6\u00e8me \u00e9dition de la f\u00eate du fromage traditionnel Bouhezza"},"content":{"rendered":"<div>\n<div class=\"K2FeedImage\"><img decoding=\"async\" src=\"http:\/\/www.aps.dz\/media\/k2\/items\/cache\/d0a3a8b56c00befa26b4b0fde93f7534_S.jpg\" alt=\"Oum El Bouaghi : 6\u00e8me \u00e9dition de la f\u00eate du fromage traditionnel Bouhezza\"><\/div>\n<div class=\"K2FeedIntroText\">\n<p><strong>OUM EL BOUAGHI- La 6\u00e8me \u00e9dition de la f\u00eate annuelle de Bouhezza, un fromage traditionnel de la r\u00e9gion d\u2019Oum El Bouaghi \u00e0 base de lait de ch\u00e8vre ou de brebis, sera ouverte mercredi prochain, apprend-on\u00a0dimanche aupr\u00e8s de l\u2019association Imsenda pour la promotion de ce type de type de fromage et la pr\u00e9servation de son appellation.<\/strong><\/p>\n<\/div>\n<div class=\"K2FeedFullText\">\n<p>Cette manifestation de promotion du fromage Bouhezza, authentiquement traditionnel, se tiendra \u00e0 la maison de l\u2019artisanat sous le slogan \u00ab\u00a0la fabrication des fromages entre proc\u00e9d\u00e9s traditionnels et efficience\u00a0\u00e9conomique\u00a0\u00bb, indique le conseiller technique de l\u2019association.<\/p>\n<p>Il s\u2019agira \u00e9galement de souligner l\u2019importance de fabrication de fromages pour le d\u00e9veloppement de la fili\u00e8re lait et la r\u00e9duction de la facture des importations, rel\u00e8ve-t-on de m\u00eame source qui met l\u2019accent sur les efforts consentis par l\u2019association Imsenda pour la labellisation de ce fromage.<\/p>\n<p>Des laboratoires, des Directions locales et des universitaires de l\u2019Institut de nutrition, d\u2019alimentation et des technologies agroalimentaires (INATAA), relevant de l\u2019universit\u00e9 Fr\u00e8res Mentouri de Constantine, participeront \u00e0 cette manifestation au c\u00f4t\u00e9 des producteurs de fromages traditionnels d\u2019Oum El Bouaghi, S\u00e9tif, Gharda\u00efa et Khenchela.<\/p>\n<p>La f\u00eate de Bouhezza donnera lieu \u00e9galement \u00e0 des expos\u00e9s sur le dossier de labellisation de ce fromage et l\u2019historique de la f\u00eate de Bouhezza, lanc\u00e9e depuis d\u00e9j\u00e0 six ans.<\/p>\n<\/div>\n<\/div>\n<p>Auteur:<br \/>\n<a href=\"http:\/\/www.aps.dz\/regions\/88414-oum-el-bouaghi-6eme-edition-de-la-fete-du-fromage-traditionnel-bouhezza-mercredi-prochain\">Cliquez ici pour lire l&rsquo;article depuis sa source.<\/a><\/p>\n","protected":false},"excerpt":{"rendered":"<p>OUM EL BOUAGHI- La 6\u00e8me \u00e9dition de la f\u00eate annuelle de Bouhezza, un fromage traditionnel de la r\u00e9gion d\u2019Oum El Bouaghi \u00e0 base de lait de ch\u00e8vre ou de brebis, sera ouverte mercredi prochain, apprend-on\u00a0dimanche aupr\u00e8s de l\u2019association Imsenda pour la promotion de ce type de type de fromage et la pr\u00e9servation de son appellation. [&hellip;]<\/p>\n","protected":false},"author":1790,"featured_media":29112,"comment_status":"closed","ping_status":"closed","sticky":false,"template":"","format":"standard","meta":{"fifu_image_url":"","fifu_image_alt":"","footnotes":""},"categories":[53,76],"tags":[],"class_list":["post-29111","post","type-post","status-publish","format-standard","has-post-thumbnail","hentry","category-algerie","category-regions"],"_links":{"self":[{"href":"https:\/\/linitiative.ca\/International\/wp-json\/wp\/v2\/posts\/29111","targetHints":{"allow":["GET"]}}],"collection":[{"href":"https:\/\/linitiative.ca\/International\/wp-json\/wp\/v2\/posts"}],"about":[{"href":"https:\/\/linitiative.ca\/International\/wp-json\/wp\/v2\/types\/post"}],"author":[{"embeddable":true,"href":"https:\/\/linitiative.ca\/International\/wp-json\/wp\/v2\/users\/1790"}],"replies":[{"embeddable":true,"href":"https:\/\/linitiative.ca\/International\/wp-json\/wp\/v2\/comments?post=29111"}],"version-history":[{"count":0,"href":"https:\/\/linitiative.ca\/International\/wp-json\/wp\/v2\/posts\/29111\/revisions"}],"wp:featuredmedia":[{"embeddable":true,"href":"https:\/\/linitiative.ca\/International\/wp-json\/"}],"wp:attachment":[{"href":"https:\/\/linitiative.ca\/International\/wp-json\/wp\/v2\/media?parent=29111"}],"wp:term":[{"taxonomy":"category","embeddable":true,"href":"https:\/\/linitiative.ca\/International\/wp-json\/wp\/v2\/categories?post=29111"},{"taxonomy":"post_tag","embeddable":true,"href":"https:\/\/linitiative.ca\/International\/wp-json\/wp\/v2\/tags?post=29111"}],"curies":[{"name":"wp","href":"https:\/\/api.w.org\/{rel}","templated":true}]}}