{"id":29119,"date":"2019-04-21T15:14:25","date_gmt":"2019-04-21T19:14:25","guid":{"rendered":"https:\/\/linitiative.ca\/International\/ligue-1-2-jsk-mco-toumi-on-fera-tout-pour-ne-pas-revenir-bredouilles-de-tizi\/"},"modified":"2019-04-21T15:14:25","modified_gmt":"2019-04-21T19:14:25","slug":"ligue-1-2-jsk-mco-toumi-on-fera-tout-pour-ne-pas-revenir-bredouilles-de-tizi","status":"publish","type":"post","link":"https:\/\/linitiative.ca\/International\/ligue-1-2-jsk-mco-toumi-on-fera-tout-pour-ne-pas-revenir-bredouilles-de-tizi\/","title":{"rendered":"Ligue 1 &amp; 2 : JSK &#8211; MCO \/ Toumi : \u00abOn fera tout pour ne pas revenir bredouilles de Tizi\u00bb"},"content":{"rendered":"<div readability=\"32\">\n<p>Auteur : <span>Amine L.<\/span> <span class=\"time\">dimanche 21 avril 2019 10:05<\/span><\/p>\n<\/div>\n<div id=\"post_core\" readability=\"46\">\n<p>L\u2019attaquant oranais, Mohamed Toumi, pense que son \u00e9quipe n\u2019aura plus le droit \u00e0 l\u2019erreur \u00e0 partir de cet apr\u00e8s-midi et ce dans l\u2019optique de se mettre \u00e0 l\u2019abri de toute mauvaise surprise.<br \/><strong>Comment s\u2019est pr\u00e9par\u00e9 le groupe pour le d\u00e9placement de Tizi ?<\/strong><br \/>J\u2019avoue que la pr\u00e9paration s\u2019est d\u00e9roul\u00e9e le plus normalement du monde. Il y avait beaucoup de concentration et de s\u00e9r\u00e9nit\u00e9. L\u2019ambiance \u00e9tait aussi au rendez-vous. Mais on n\u2019a pas\u00a0 oubli\u00e9 la d\u00e9faite\u00a0 face au MCA. On va essayer de retenir la le\u00e7on en pr\u00e9vision des prochains matchs.<br \/><strong>Un virage important attend le Mouloudia avec ces deux d\u00e9placements de suite. Comment comptez-vous vous y prendre ?<\/strong><br \/>Que voulez-vous que je vous dise ? Les cinq matchs qui restent \u00e0 jouer sont difficiles voire m\u00eame importants pas seulement les deux d\u00e9placements de suite. En tout cas, on va les aborder\u00a0 en mettant les bouch\u00e9es doubles car on veut se mettre \u00e0 l\u2019abri de toute mauvaise surprise. Notre objectif est de faire le plein \u00e0 domicile et r\u00e9colter le plus de points\u00a0 \u00e0 l\u2019ext\u00e9rieur. Il faut qu\u2019on r\u00e9alise un parcours de champion.<br \/><strong>Pour commencer, le MCO est appel\u00e9 \u00e0 tenir bon face \u00e0 la JSK. Comment se pr\u00e9sente cette rencontre ?<\/strong><br \/>Ce sera une rencontre difficile face \u00e0 une \u00e9quipe de la JSK qui joue le haut du tableau. Il faut qu\u2019on r\u00e9alise un match r\u00e9f\u00e9rence. Le MCO a l\u2019habitude de bien jouer \u00e0 l\u2019ext\u00e9rieur mais parfois c\u2019est seulement le r\u00e9sultat qui ne suit pas. Cette fois, on doit \u00eatre vigilants et faire preuve de r\u00e9alisme pour esp\u00e9rer revenir avec la meilleure performance possible.<br \/><strong>\u00c0 combien estimez-vous les chances de maintien du Mouloudia ?<\/strong><br \/>Je pense que les chances de maintien sont intactes, seulement, il faut qu\u2019on soit solidaires jusqu\u2019au bout. On redoute aussi les coulisses qui risquent de tout fausser. Pour cela, on doit r\u00e9colter le plus de points possible. Le fait de sortir \u00e0 deux reprises ne veut pas dire qu\u2019on va revenir bredouilles. Donc, il faut d\u2019abord ramener un r\u00e9sultat positif de Tizi-Ouzou.<\/p>\n<p><strong>Publi\u00e9 dans :<\/strong> <span>JSK<\/span> <span>mco<\/span> <span>Toumi<\/span><\/p>\n<\/div>\n<p>Auteur:<br \/>\n<a href=\"http:\/\/www.lebuteur.com\/article\/detail?titre=jsk-mco-toumi-on-fera-tout-pour-ne-pas-revenir-bredouilles-de-tizi&#038;id=88159&#038;utm_source=feedburner&#038;utm_medium=feed&#038;utm_campaign=Feed%3A+GalerieFArtciles+%28Les+derniers+articles++-+lebuteur.com%29\">Cliquez ici pour lire l&rsquo;article depuis sa source.<\/a><\/p>\n","protected":false},"excerpt":{"rendered":"<p>Auteur : Amine L. dimanche 21 avril 2019 10:05 L\u2019attaquant oranais, Mohamed Toumi, pense que son \u00e9quipe n\u2019aura plus le droit \u00e0 l\u2019erreur \u00e0 partir de cet apr\u00e8s-midi et ce dans l\u2019optique de se mettre \u00e0 l\u2019abri de toute mauvaise surprise.Comment s\u2019est pr\u00e9par\u00e9 le groupe pour le d\u00e9placement de Tizi ?J\u2019avoue que la pr\u00e9paration s\u2019est [&hellip;]<\/p>\n","protected":false},"author":1738,"featured_media":29120,"comment_status":"closed","ping_status":"closed","sticky":false,"template":"","format":"standard","meta":{"fifu_image_url":"","fifu_image_alt":"","footnotes":""},"categories":[53,75],"tags":[],"class_list":["post-29119","post","type-post","status-publish","format-standard","has-post-thumbnail","hentry","category-algerie","category-sport"],"_links":{"self":[{"href":"https:\/\/linitiative.ca\/International\/wp-json\/wp\/v2\/posts\/29119","targetHints":{"allow":["GET"]}}],"collection":[{"href":"https:\/\/linitiative.ca\/International\/wp-json\/wp\/v2\/posts"}],"about":[{"href":"https:\/\/linitiative.ca\/International\/wp-json\/wp\/v2\/types\/post"}],"author":[{"embeddable":true,"href":"https:\/\/linitiative.ca\/International\/wp-json\/wp\/v2\/users\/1738"}],"replies":[{"embeddable":true,"href":"https:\/\/linitiative.ca\/International\/wp-json\/wp\/v2\/comments?post=29119"}],"version-history":[{"count":0,"href":"https:\/\/linitiative.ca\/International\/wp-json\/wp\/v2\/posts\/29119\/revisions"}],"wp:featuredmedia":[{"embeddable":true,"href":"https:\/\/linitiative.ca\/International\/wp-json\/"}],"wp:attachment":[{"href":"https:\/\/linitiative.ca\/International\/wp-json\/wp\/v2\/media?parent=29119"}],"wp:term":[{"taxonomy":"category","embeddable":true,"href":"https:\/\/linitiative.ca\/International\/wp-json\/wp\/v2\/categories?post=29119"},{"taxonomy":"post_tag","embeddable":true,"href":"https:\/\/linitiative.ca\/International\/wp-json\/wp\/v2\/tags?post=29119"}],"curies":[{"name":"wp","href":"https:\/\/api.w.org\/{rel}","templated":true}]}}