{"id":29125,"date":"2019-04-21T15:14:29","date_gmt":"2019-04-21T19:14:29","guid":{"rendered":"https:\/\/linitiative.ca\/International\/international-capello-devoile-le-budget-mercato-du-real-madrid-pour-cet-ete\/"},"modified":"2019-04-21T15:14:29","modified_gmt":"2019-04-21T19:14:29","slug":"international-capello-devoile-le-budget-mercato-du-real-madrid-pour-cet-ete","status":"publish","type":"post","link":"https:\/\/linitiative.ca\/International\/international-capello-devoile-le-budget-mercato-du-real-madrid-pour-cet-ete\/","title":{"rendered":"International : Capello d\u00e9voile le budget mercato du Real Madrid pour cet \u00e9t\u00e9"},"content":{"rendered":"<div readability=\"32\">\n<p>Auteur : <span class=\"time\">dimanche 21 avril 2019 12:50<\/span><\/p>\n<\/div>\n<div id=\"post_core\" readability=\"50\">\n<p>Fabio Capello, ancien coach merengue ayant toujours ses entr\u00e9es \u00e0 la Maison Blanche, s&rsquo;est quant \u00e0 lui livr\u00e9 \u00e0 des d\u00e9clarations plus pouss\u00e9es, se montrant tr\u00e8s confiant quant aux possibilit\u00e9s financi\u00e8res pr\u00eates \u00e0 \u00eatre d\u00e9ploy\u00e9es :<\/p>\n<p>\u00ab\u00a0Des sources bien inform\u00e9es sur le club m\u2019ont dit que le Real Madrid a une enveloppe de 500 millions d\u2019euros pour recruter l\u2019\u00e9t\u00e9 prochain. J\u2019\u00e9tais \u00e0 Barcelone la semaine derni\u00e8re et quelqu\u2019un qui sait beaucoup sur le Real Madrid me l\u2019a assur\u00e9&#8230;\u00a0\u00bb, a balanc\u00e9 l\u2019Italien sur Sky Sports et comme le rapporte Goal.<\/p>\n<p>Une chose est s\u00fbre, si le montant de l&rsquo;enveloppe ne devrait pas \u00eatre d\u00e9voil\u00e9 de si t\u00f4t, le club de Karim Benzema est pr\u00eat \u00e0 frapper fort sur le march\u00e9 des transferts cet \u00e9t\u00e9, apr\u00e8s avoir \u00e9t\u00e9 plut\u00f4t calme lors des derni\u00e8res saisons.<\/p>\n<\/div>\n<p>Auteur:<br \/>\n<a href=\"http:\/\/www.lebuteur.com\/article\/detail?titre=capello-devoile-le-budget-mercato-du-real-madrid-pour-cet-ete&#038;id=88177&#038;utm_source=feedburner&#038;utm_medium=feed&#038;utm_campaign=Feed%3A+GalerieFArtciles+%28Les+derniers+articles++-+lebuteur.com%29\">Cliquez ici pour lire l&rsquo;article depuis sa source.<\/a><\/p>\n","protected":false},"excerpt":{"rendered":"<p>Auteur : dimanche 21 avril 2019 12:50 Fabio Capello, ancien coach merengue ayant toujours ses entr\u00e9es \u00e0 la Maison Blanche, s&rsquo;est quant \u00e0 lui livr\u00e9 \u00e0 des d\u00e9clarations plus pouss\u00e9es, se montrant tr\u00e8s confiant quant aux possibilit\u00e9s financi\u00e8res pr\u00eates \u00e0 \u00eatre d\u00e9ploy\u00e9es : \u00ab\u00a0Des sources bien inform\u00e9es sur le club m\u2019ont dit que le Real [&hellip;]<\/p>\n","protected":false},"author":1738,"featured_media":29126,"comment_status":"closed","ping_status":"closed","sticky":false,"template":"","format":"standard","meta":{"fifu_image_url":"","fifu_image_alt":"","footnotes":""},"categories":[53,75],"tags":[],"class_list":["post-29125","post","type-post","status-publish","format-standard","has-post-thumbnail","hentry","category-algerie","category-sport"],"_links":{"self":[{"href":"https:\/\/linitiative.ca\/International\/wp-json\/wp\/v2\/posts\/29125","targetHints":{"allow":["GET"]}}],"collection":[{"href":"https:\/\/linitiative.ca\/International\/wp-json\/wp\/v2\/posts"}],"about":[{"href":"https:\/\/linitiative.ca\/International\/wp-json\/wp\/v2\/types\/post"}],"author":[{"embeddable":true,"href":"https:\/\/linitiative.ca\/International\/wp-json\/wp\/v2\/users\/1738"}],"replies":[{"embeddable":true,"href":"https:\/\/linitiative.ca\/International\/wp-json\/wp\/v2\/comments?post=29125"}],"version-history":[{"count":0,"href":"https:\/\/linitiative.ca\/International\/wp-json\/wp\/v2\/posts\/29125\/revisions"}],"wp:featuredmedia":[{"embeddable":true,"href":"https:\/\/linitiative.ca\/International\/wp-json\/"}],"wp:attachment":[{"href":"https:\/\/linitiative.ca\/International\/wp-json\/wp\/v2\/media?parent=29125"}],"wp:term":[{"taxonomy":"category","embeddable":true,"href":"https:\/\/linitiative.ca\/International\/wp-json\/wp\/v2\/categories?post=29125"},{"taxonomy":"post_tag","embeddable":true,"href":"https:\/\/linitiative.ca\/International\/wp-json\/wp\/v2\/tags?post=29125"}],"curies":[{"name":"wp","href":"https:\/\/api.w.org\/{rel}","templated":true}]}}