{"id":29127,"date":"2019-04-21T15:14:30","date_gmt":"2019-04-21T19:14:30","guid":{"rendered":"https:\/\/linitiative.ca\/International\/international-liverpool-un-depart-pour-milner\/"},"modified":"2019-04-21T15:14:30","modified_gmt":"2019-04-21T19:14:30","slug":"international-liverpool-un-depart-pour-milner","status":"publish","type":"post","link":"https:\/\/linitiative.ca\/International\/international-liverpool-un-depart-pour-milner\/","title":{"rendered":"International : Liverpool : Un d\u00e9part pour Milner ?"},"content":{"rendered":"<div readability=\"32\">\n<p>Auteur : <span class=\"time\">dimanche 21 avril 2019 14:30<\/span><\/p>\n<\/div>\n<div id=\"post_core\" readability=\"41\">\n<p>Concernant son avenir, l\u2019international anglais de 33 ans aurait d\u00e9j\u00e0 une touche pour la suite de sa carri\u00e8re. Il pourrait retourner das son club formateur.<\/p>\n<p>Selon TMW et Les-Transferts, la formation de Leeds aimerait accueillir son ancien joueur. Des discussions seraient en cours entre les deux parties. Le joueur ne serait pas contre un retour mais il aimerait que le club de Marcelo Bielsa \u00e9volue en Premier League l\u2019an prochain.<\/p>\n<p><strong>Publi\u00e9 dans :<\/strong> <span>liverpool<\/span> <span>Milner<\/span><\/p>\n<\/div>\n<p>Auteur:<br \/>\n<a href=\"http:\/\/www.lebuteur.com\/article\/detail?titre=liverpool-un-depart-pour-milner&#038;id=88178&#038;utm_source=feedburner&#038;utm_medium=feed&#038;utm_campaign=Feed%3A+GalerieFArtciles+%28Les+derniers+articles++-+lebuteur.com%29\">Cliquez ici pour lire l&rsquo;article depuis sa source.<\/a><\/p>\n","protected":false},"excerpt":{"rendered":"<p>Auteur : dimanche 21 avril 2019 14:30 Concernant son avenir, l\u2019international anglais de 33 ans aurait d\u00e9j\u00e0 une touche pour la suite de sa carri\u00e8re. Il pourrait retourner das son club formateur. Selon TMW et Les-Transferts, la formation de Leeds aimerait accueillir son ancien joueur. Des discussions seraient en cours entre les deux parties. Le [&hellip;]<\/p>\n","protected":false},"author":1738,"featured_media":29128,"comment_status":"closed","ping_status":"closed","sticky":false,"template":"","format":"standard","meta":{"fifu_image_url":"","fifu_image_alt":"","footnotes":""},"categories":[53,75],"tags":[],"class_list":["post-29127","post","type-post","status-publish","format-standard","has-post-thumbnail","hentry","category-algerie","category-sport"],"_links":{"self":[{"href":"https:\/\/linitiative.ca\/International\/wp-json\/wp\/v2\/posts\/29127","targetHints":{"allow":["GET"]}}],"collection":[{"href":"https:\/\/linitiative.ca\/International\/wp-json\/wp\/v2\/posts"}],"about":[{"href":"https:\/\/linitiative.ca\/International\/wp-json\/wp\/v2\/types\/post"}],"author":[{"embeddable":true,"href":"https:\/\/linitiative.ca\/International\/wp-json\/wp\/v2\/users\/1738"}],"replies":[{"embeddable":true,"href":"https:\/\/linitiative.ca\/International\/wp-json\/wp\/v2\/comments?post=29127"}],"version-history":[{"count":0,"href":"https:\/\/linitiative.ca\/International\/wp-json\/wp\/v2\/posts\/29127\/revisions"}],"wp:featuredmedia":[{"embeddable":true,"href":"https:\/\/linitiative.ca\/International\/wp-json\/"}],"wp:attachment":[{"href":"https:\/\/linitiative.ca\/International\/wp-json\/wp\/v2\/media?parent=29127"}],"wp:term":[{"taxonomy":"category","embeddable":true,"href":"https:\/\/linitiative.ca\/International\/wp-json\/wp\/v2\/categories?post=29127"},{"taxonomy":"post_tag","embeddable":true,"href":"https:\/\/linitiative.ca\/International\/wp-json\/wp\/v2\/tags?post=29127"}],"curies":[{"name":"wp","href":"https:\/\/api.w.org\/{rel}","templated":true}]}}