{"id":29129,"date":"2019-04-21T15:14:31","date_gmt":"2019-04-21T19:14:31","guid":{"rendered":"https:\/\/linitiative.ca\/International\/international-bayern-munich-un-cador-suivrait-niklas-sule\/"},"modified":"2019-04-21T15:14:31","modified_gmt":"2019-04-21T19:14:31","slug":"international-bayern-munich-un-cador-suivrait-niklas-sule","status":"publish","type":"post","link":"https:\/\/linitiative.ca\/International\/international-bayern-munich-un-cador-suivrait-niklas-sule\/","title":{"rendered":"International : Bayern Munich : Un cador suivrait Niklas S\u00fcle"},"content":{"rendered":"<div readability=\"32\">\n<p>Auteur : <span class=\"time\">dimanche 21 avril 2019 15:15<\/span><\/p>\n<\/div>\n<div id=\"post_core\" readability=\"42\">\n<p>Titulaire au c\u00f4t\u00e9 de Matts Hummel cette saison, devant J\u00e9r\u00f4me Boateng, Niklas S\u00fcle est estim\u00e9 \u00e0 46 millions d&rsquo;euros. Une somme abordable pour les Red Devils, m\u00eame si le club allemand devrait se battre pour le conserver. L&rsquo;Allemand de 23 ans, sous contrat jusqu&rsquo;en 2022, a disput\u00e9 27 matchs de Bundesliga cette saison.<\/p>\n<p><strong>Publi\u00e9 dans :<\/strong> <span>Bayern<\/span> <span>Man Utd<\/span> <span>Niklas S\u00fcle<\/span><\/p>\n<\/div>\n<p>Auteur:<br \/>\n<a href=\"http:\/\/www.lebuteur.com\/article\/detail?titre=bayern-munich-un-cador-suivrait-niklas-sule&#038;id=88179&#038;utm_source=feedburner&#038;utm_medium=feed&#038;utm_campaign=Feed%3A+GalerieFArtciles+%28Les+derniers+articles++-+lebuteur.com%29\">Cliquez ici pour lire l&rsquo;article depuis sa source.<\/a><\/p>\n","protected":false},"excerpt":{"rendered":"<p>Auteur : dimanche 21 avril 2019 15:15 Titulaire au c\u00f4t\u00e9 de Matts Hummel cette saison, devant J\u00e9r\u00f4me Boateng, Niklas S\u00fcle est estim\u00e9 \u00e0 46 millions d&rsquo;euros. Une somme abordable pour les Red Devils, m\u00eame si le club allemand devrait se battre pour le conserver. L&rsquo;Allemand de 23 ans, sous contrat jusqu&rsquo;en 2022, a disput\u00e9 27 [&hellip;]<\/p>\n","protected":false},"author":1738,"featured_media":29130,"comment_status":"closed","ping_status":"closed","sticky":false,"template":"","format":"standard","meta":{"fifu_image_url":"","fifu_image_alt":"","footnotes":""},"categories":[53,75],"tags":[],"class_list":["post-29129","post","type-post","status-publish","format-standard","has-post-thumbnail","hentry","category-algerie","category-sport"],"_links":{"self":[{"href":"https:\/\/linitiative.ca\/International\/wp-json\/wp\/v2\/posts\/29129","targetHints":{"allow":["GET"]}}],"collection":[{"href":"https:\/\/linitiative.ca\/International\/wp-json\/wp\/v2\/posts"}],"about":[{"href":"https:\/\/linitiative.ca\/International\/wp-json\/wp\/v2\/types\/post"}],"author":[{"embeddable":true,"href":"https:\/\/linitiative.ca\/International\/wp-json\/wp\/v2\/users\/1738"}],"replies":[{"embeddable":true,"href":"https:\/\/linitiative.ca\/International\/wp-json\/wp\/v2\/comments?post=29129"}],"version-history":[{"count":0,"href":"https:\/\/linitiative.ca\/International\/wp-json\/wp\/v2\/posts\/29129\/revisions"}],"wp:featuredmedia":[{"embeddable":true,"href":"https:\/\/linitiative.ca\/International\/wp-json\/"}],"wp:attachment":[{"href":"https:\/\/linitiative.ca\/International\/wp-json\/wp\/v2\/media?parent=29129"}],"wp:term":[{"taxonomy":"category","embeddable":true,"href":"https:\/\/linitiative.ca\/International\/wp-json\/wp\/v2\/categories?post=29129"},{"taxonomy":"post_tag","embeddable":true,"href":"https:\/\/linitiative.ca\/International\/wp-json\/wp\/v2\/tags?post=29129"}],"curies":[{"name":"wp","href":"https:\/\/api.w.org\/{rel}","templated":true}]}}