{"id":29131,"date":"2019-04-21T15:14:32","date_gmt":"2019-04-21T19:14:32","guid":{"rendered":"https:\/\/linitiative.ca\/International\/equipe-dalgerie-mesbah-parle-de-bennacer-et-ounas\/"},"modified":"2019-04-21T15:14:32","modified_gmt":"2019-04-21T19:14:32","slug":"equipe-dalgerie-mesbah-parle-de-bennacer-et-ounas","status":"publish","type":"post","link":"https:\/\/linitiative.ca\/International\/equipe-dalgerie-mesbah-parle-de-bennacer-et-ounas\/","title":{"rendered":"Equipe d&rsquo;Alg\u00e9rie : Mesbah parle de Bennacer et Ounas"},"content":{"rendered":"<div readability=\"32\">\n<p>Auteur : <span>Moumen A.<\/span> <span class=\"time\">dimanche 21 avril 2019 17:29<\/span><\/p>\n<\/div>\n<div id=\"post_core\" readability=\"45\">\n<p>Sachant qu&rsquo;il s&rsquo;agit d&rsquo;un ancien joueur de l&rsquo;EN qui a connu le plus haut niveau en Serie A avec le Milan AC, Mesbah que nous avons interpell\u00e9 \u00e0 propos des\u00a0deux jeunes Alg\u00e9riens Bennacer (Empoli)\u00a0et Ounas (Naples), d\u00e9clare au Buteur : \u00ab\u00a0Je veux commencer par Bennacer. Franchement, je l\u2019ai d\u00e9couvert lors de la derni\u00e8re CAN au Gabon. Il \u00e9tait venu avec nous, sinc\u00e8rement il m\u2019a \u00e9pat\u00e9. Bougherra m\u2019avait parl\u00e9 de lui, et lorsque je l\u2019avais vu \u00e0 l\u2019entrainement,\u00a0 j\u2019ai tout de suite dit que c\u2019\u00e9tait un joueur pour la Serie A. Son abattage, sa grinta et sa culture tactique font de lui un grand joueur d\u2019avenir. Je suis fier de ce qu\u2019il fait en Italie dans un club comme Empoli. Ounas est un joueur qui va beaucoup aider la s\u00e9lection. Il y a du calibre en s\u00e9lection mais il a prouv\u00e9 qu\u2019il \u00e9tait un capable de te faire gagner un match. Si un grand coach comme Ancelotti le fait jouer, c\u2019est qu\u2019il a un grand potentiel.\u00a0\u00bb<\/p>\n<p><strong>Moumen A.<\/strong><\/p>\n<p><strong>Publi\u00e9 dans :<\/strong> <span>Milan AC<\/span> <span>Belfodil et Mesbah<\/span> <span>Adam Ounas<\/span> <span>Ismael Bennacer<\/span><\/p>\n<\/div>\n<p>Auteur:<br \/>\n<a href=\"http:\/\/www.lebuteur.com\/article\/detail?titre=mesbah-parle-de-bennacer-et-ounas&#038;id=88180&#038;utm_source=feedburner&#038;utm_medium=feed&#038;utm_campaign=Feed%3A+GalerieFArtciles+%28Les+derniers+articles++-+lebuteur.com%29\">Cliquez ici pour lire l&rsquo;article depuis sa source.<\/a><\/p>\n","protected":false},"excerpt":{"rendered":"<p>Auteur : Moumen A. dimanche 21 avril 2019 17:29 Sachant qu&rsquo;il s&rsquo;agit d&rsquo;un ancien joueur de l&rsquo;EN qui a connu le plus haut niveau en Serie A avec le Milan AC, Mesbah que nous avons interpell\u00e9 \u00e0 propos des\u00a0deux jeunes Alg\u00e9riens Bennacer (Empoli)\u00a0et Ounas (Naples), d\u00e9clare au Buteur : \u00ab\u00a0Je veux commencer par Bennacer. Franchement, [&hellip;]<\/p>\n","protected":false},"author":1738,"featured_media":29132,"comment_status":"closed","ping_status":"closed","sticky":false,"template":"","format":"standard","meta":{"fifu_image_url":"","fifu_image_alt":"","footnotes":""},"categories":[53,75],"tags":[],"class_list":["post-29131","post","type-post","status-publish","format-standard","has-post-thumbnail","hentry","category-algerie","category-sport"],"_links":{"self":[{"href":"https:\/\/linitiative.ca\/International\/wp-json\/wp\/v2\/posts\/29131","targetHints":{"allow":["GET"]}}],"collection":[{"href":"https:\/\/linitiative.ca\/International\/wp-json\/wp\/v2\/posts"}],"about":[{"href":"https:\/\/linitiative.ca\/International\/wp-json\/wp\/v2\/types\/post"}],"author":[{"embeddable":true,"href":"https:\/\/linitiative.ca\/International\/wp-json\/wp\/v2\/users\/1738"}],"replies":[{"embeddable":true,"href":"https:\/\/linitiative.ca\/International\/wp-json\/wp\/v2\/comments?post=29131"}],"version-history":[{"count":0,"href":"https:\/\/linitiative.ca\/International\/wp-json\/wp\/v2\/posts\/29131\/revisions"}],"wp:featuredmedia":[{"embeddable":true,"href":"https:\/\/linitiative.ca\/International\/wp-json\/"}],"wp:attachment":[{"href":"https:\/\/linitiative.ca\/International\/wp-json\/wp\/v2\/media?parent=29131"}],"wp:term":[{"taxonomy":"category","embeddable":true,"href":"https:\/\/linitiative.ca\/International\/wp-json\/wp\/v2\/categories?post=29131"},{"taxonomy":"post_tag","embeddable":true,"href":"https:\/\/linitiative.ca\/International\/wp-json\/wp\/v2\/tags?post=29131"}],"curies":[{"name":"wp","href":"https:\/\/api.w.org\/{rel}","templated":true}]}}