{"id":29133,"date":"2019-04-20T19:00:00","date_gmt":"2019-04-20T23:00:00","guid":{"rendered":"https:\/\/linitiative.ca\/International\/plan-de-sortie-de-crise-au-coeur-des-consultations-politiques\/"},"modified":"2019-04-20T19:00:00","modified_gmt":"2019-04-20T23:00:00","slug":"plan-de-sortie-de-crise-au-coeur-des-consultations-politiques","status":"publish","type":"post","link":"https:\/\/linitiative.ca\/International\/plan-de-sortie-de-crise-au-coeur-des-consultations-politiques\/","title":{"rendered":"Plan de sortie de crise   : Au c\u0153ur des consultations politiques"},"content":{"rendered":"<p><strong>La recherche de solutions pour sortir de la situation politique actuelle que conna\u00eet le pays fait appel \u00e0 la participation de toutes les comp\u00e9tences nationales, entre personnalit\u00e9s, partis, soci\u00e9t\u00e9 civile et syndicats.<\/strong><\/p>\n<p>Le chef de l\u2019\u00c9tat, Abdelkader Bensalah, a d\u00e9j\u00e0 re\u00e7u, jeudi dernier, Abdelaziz Ziari, Abdelaziz Bela\u00efd et Miloud Brahimi, en tant que personnalit\u00e9s nationales. Ces rencontres entrent dans le cadre de la volont\u00e9 de concertation que pr\u00f4ne le chef de l\u2019\u00c9tat dans le traitement de la situation politique du pays, et elles se poursuivront avec d\u2019autres parties. D\u00e8s les premi\u00e8res rencontres, les avis divergent sur le plan de sortie de crise. Me Brahimi s\u2019est ainsi prononc\u00e9 pour la mise en place d\u2019une commission souveraine de transition, m\u00eame en dehors de la Constitution, en attente de l\u2019organisation de l\u2019\u00e9lection pr\u00e9sidentielle, avec, comme point de mire, le d\u00e9part d\u00e9finitif du syst\u00e8me.\u00a0\u00a0\u00a0 \u00a0<br \/>Selon lui, le contexte politique actuel du pays ne permet pas d\u2019organiser une\u00a0 \u00e9lection pr\u00e9sidentielle \u00e0 la date pr\u00e9vue du 4 juillet.<br \/>Cela se situe aux antipodes du contenu du message de M. Bensalah \u00e0 la nation, dans lequel il propose une instance pour pr\u00e9parer cette \u00e9lection, et ce en l\u2019absence de la Haute instance de surveillance des \u00e9lections, dissoute. Me Brahimi a \u00e9voqu\u00e9 une conf\u00e9rence qui se tiendra demain et qui pourrait, selon lui, parvenir au constat qu\u2019il serait impossible de tenir une \u00e9lection pr\u00e9sidentielle le 4 juillet.\u00a0 \u00a0<br \/>De son c\u00f4t\u00e9, Abdelaziz Ziari, ancien pr\u00e9sident de l\u2019APN de 2007 \u00e0 2012, sur un site d\u2019information, estime n\u00e9cessaire de d\u00e9passer le cadre constitutionnel actuel, pour surmonter le blocage actuel, et appelle \u00e0 la mise en place d\u2019un dialogue rapide avec les repr\u00e9sentants de partis politiques de l\u2019opposition, des organisations professionnels et syndicales. Il pr\u00e9conise aussi une p\u00e9riode de transition qui ne d\u00e9passe pas une ann\u00e9e.<br \/>Quant au pr\u00e9sident du Front El-Moustakbal, Abdelaziz Bela\u00efd, il propose des solutions \u00e0 m\u00eame de garantir l\u2019int\u00e9grit\u00e9 et la transparence des \u00e9lections, \u00e0 travers l\u2019instance ind\u00e9pendante des \u00e9lections, dot\u00e9e de pr\u00e9rogatives de contr\u00f4le et d\u2019organisation du d\u00e9roulement de toutes les phases du processus \u00e9lectoral.\u00a0\u00a0 \u00a0<br \/>Sa position tranche avec celle de Me Brahimi, car il estime que la stabilit\u00e9 du pays, la pr\u00e9servation des institutions et des personnes, ainsi que le transfert du pouvoir dans le cadre de la l\u00e9galit\u00e9 ne peuvent se faire qu\u2019\u00e0 travers des \u00e9lections propres et transparentes.<br \/>D\u2019autres personnalit\u00e9s ont \u00e9t\u00e9 invit\u00e9es au dialogue, \u00e0 l\u2019instar d\u2019Ali Benflis, pr\u00e9sident de Talai\u2019e El-Houriyat. Dans sa r\u00e9ponse \u00e0 l\u2019invitation, il a indiqu\u00e9 que \u00abl\u2019heure n\u2019est pas aux consultations sur l\u2019instance de pr\u00e9paration et d\u2019organisation des \u00e9lections, et que cette heure viendra dans le cadre d\u2019un r\u00e8glement global de la grave crise actuelle\u00bb.<br \/>\u00abEn cons\u00e9quence, je suis au regret de ne pouvoir r\u00e9pondre favorablement \u00e0 votre invitation et de participer aux consultations auxquelles vous m\u2019avez convi\u00e9\u00bb, a-t-il \u00e9crit, dans un communiqu\u00e9 parvenu \u00e0 notre r\u00e9daction. \u00c0 rappeler que dans son message du 9 avril dernier, le chef de l\u2019\u00c9tat, M. Abdelkader Bensalah, avait indiqu\u00e9 que conform\u00e9ment aux dispositions de l\u2019article 102 de la Constitution, il assure la charge de chef de l\u2019\u00c9tat pour une dur\u00e9e de 90 jours au maximum, au cours de laquelle une \u00e9lection pr\u00e9sidentielle sera organis\u00e9e. C\u2019est un engagement qu\u2019il a pris devant le peuple.<br \/>Il a aussi \u00e9voqu\u00e9 les efforts d\u00e9ploy\u00e9s par toutes les institutions publiques, pour assurer normalement la continuit\u00e9 de leurs missions dans le calme, la s\u00e9r\u00e9nit\u00e9, le d\u00e9vouement, et une gestion judicieuse et avis\u00e9e de la crise politique actuelle, de mani\u00e8re \u00e0 servir les int\u00e9r\u00eats supr\u00eames imm\u00e9diats et futurs du pays.<br \/>Il a affirm\u00e9 que le respect de la Constitution est l\u2019unique r\u00e9f\u00e9rence afin de permettre au peuple de r\u00e9aliser ses aspirations et surmonter la crise actuelle.<br \/>Selon le chef de l\u2019\u00c9tat, le tournant que va traverser le pays d\u00e9butera par une phase d\u00e9cisive qui consistera \u00e0 remettre, constitutionnellement, les pouvoirs au pr\u00e9sident de la R\u00e9publique d\u00e9mocratiquement \u00e9lu, dans un d\u00e9lai qui ne saurait d\u00e9passer les 90 jours, \u00e0 compter de la date de son entr\u00e9e en fonction en tant que chef de l\u2019\u00c9tat.<br \/>Il a ajout\u00e9 que dans le contexte politique actuel, l\u2019accomplissement de sa mission devra prendre en charge la mise en application des dispositions des articles 7 et 8 de la Constitution.<br \/>Une mission qui devrait \u00eatre acquitt\u00e9e, gr\u00e2ce au concours des citoyens, de la classe politique et des institutions de l\u2019\u00c9tat, afin de r\u00e9unir les conditions d\u2019un scrutin pr\u00e9sidentiel transparent et r\u00e9gulier, \u00abdont nous serons tous les garants\u00bb. \u00abLe scrutin permettra au peuple d\u2019exercer son choix libre et souverain\u00bb, a-t-il insist\u00e9. Il a aussi propos\u00e9 une concertation avec la classe politique et civile citoyenne, avec, comme priorit\u00e9, de cr\u00e9er une institution nationale coll\u00e9giale, souveraine dans ses d\u00e9cisions, \u00e0 laquelle sera d\u00e9volue la mission de r\u00e9unir les conditions n\u00e9cessaires de pr\u00e9paration et d\u2019organisation d\u2019\u00e9lections nationales honn\u00eates et transparentes.<br \/>Le gouvernement et les services administratifs concern\u00e9s seront charg\u00e9s de la soutenir et de l\u2019accompagner dans l\u2019accomplissement de ses missions en toute libert\u00e9.<br \/>M. Bensalah a \u00e9mis le souhait de surmonter les divergences et s\u2019investir dans une action collective historique \u00e0 la hauteur des d\u00e9fis de l\u2019\u00e9tape, reposant sur les valeurs de solidarit\u00e9, de coh\u00e9sion et d\u2019abn\u00e9gation, dans le but d\u2019atteindre l\u2019objectif supr\u00eame, c\u2019est-\u00e0-dire poser les fondements de l\u2019Alg\u00e9rie du futur. Il a aussi demand\u00e9 \u00e0 la classe politique et citoyenne de faire preuve d\u2019innovation, de participation et de confiance, pour construire ensemble ce nouvel \u00e9difice juridique qui ouvrira la voie \u00e0 la mise en place d\u2019un tout nouveau syst\u00e8me politique r\u00e9pondant aux aspirations populaires. Il mentionne que les plus important est de choisir la personne et le programme qui r\u00e9pondent le mieux aux aspirations \u00e0 un nouveau syst\u00e8me politique en mesure de relever les d\u00e9fis majeurs du pays dans une Alg\u00e9rie arrim\u00e9e \u00e0 la modernit\u00e9, \u00e0 la d\u00e9mocratie, \u00e0 la justice et au d\u00e9veloppement.<br \/>A. M.<\/p>\n<p>Auteur: elmoudjahid<br \/>\n<a href=\"http:\/\/www.elmoudjahid.com\/fr\/actualites\/136039\">Cliquez ici pour lire l&rsquo;article depuis sa source.<\/a><\/p>\n","protected":false},"excerpt":{"rendered":"<p>La recherche de solutions pour sortir de la situation politique actuelle que conna\u00eet le pays fait appel \u00e0 la participation de toutes les comp\u00e9tences nationales, entre personnalit\u00e9s, partis, soci\u00e9t\u00e9 civile et syndicats. Le chef de l\u2019\u00c9tat, Abdelkader Bensalah, a d\u00e9j\u00e0 re\u00e7u, jeudi dernier, Abdelaziz Ziari, Abdelaziz Bela\u00efd et Miloud Brahimi, en tant que personnalit\u00e9s nationales. [&hellip;]<\/p>\n","protected":false},"author":1744,"featured_media":0,"comment_status":"closed","ping_status":"closed","sticky":false,"template":"","format":"standard","meta":{"fifu_image_url":"","fifu_image_alt":"","footnotes":""},"categories":[73,53],"tags":[],"class_list":["post-29133","post","type-post","status-publish","format-standard","hentry","category-actualite","category-algerie"],"_links":{"self":[{"href":"https:\/\/linitiative.ca\/International\/wp-json\/wp\/v2\/posts\/29133","targetHints":{"allow":["GET"]}}],"collection":[{"href":"https:\/\/linitiative.ca\/International\/wp-json\/wp\/v2\/posts"}],"about":[{"href":"https:\/\/linitiative.ca\/International\/wp-json\/wp\/v2\/types\/post"}],"author":[{"embeddable":true,"href":"https:\/\/linitiative.ca\/International\/wp-json\/wp\/v2\/users\/1744"}],"replies":[{"embeddable":true,"href":"https:\/\/linitiative.ca\/International\/wp-json\/wp\/v2\/comments?post=29133"}],"version-history":[{"count":0,"href":"https:\/\/linitiative.ca\/International\/wp-json\/wp\/v2\/posts\/29133\/revisions"}],"wp:attachment":[{"href":"https:\/\/linitiative.ca\/International\/wp-json\/wp\/v2\/media?parent=29133"}],"wp:term":[{"taxonomy":"category","embeddable":true,"href":"https:\/\/linitiative.ca\/International\/wp-json\/wp\/v2\/categories?post=29133"},{"taxonomy":"post_tag","embeddable":true,"href":"https:\/\/linitiative.ca\/International\/wp-json\/wp\/v2\/tags?post=29133"}],"curies":[{"name":"wp","href":"https:\/\/api.w.org\/{rel}","templated":true}]}}