{"id":29135,"date":"2019-04-20T19:00:00","date_gmt":"2019-04-20T23:00:00","guid":{"rendered":"https:\/\/linitiative.ca\/International\/grande-mosquee-de-paris-accueil-de-49-imams-francophones-algeriens\/"},"modified":"2019-04-20T19:00:00","modified_gmt":"2019-04-20T23:00:00","slug":"grande-mosquee-de-paris-accueil-de-49-imams-francophones-algeriens","status":"publish","type":"post","link":"https:\/\/linitiative.ca\/International\/grande-mosquee-de-paris-accueil-de-49-imams-francophones-algeriens\/","title":{"rendered":"Grande Mosqu\u00e9e de Paris : Accueil de 49 imams francophones alg\u00e9riens"},"content":{"rendered":"<p><strong>49 imams francophones alg\u00e9riens ont \u00e9t\u00e9 accueillis, cette semaine, par la Grande mosqu\u00e9e de Paris, a-t-on appris hier aupr\u00e8s de cette institution du culte musulman de France.<\/strong><\/p>\n<p>Ces imams francophones sont d\u00e9tach\u00e9s pour quatre ann\u00e9es par le minist\u00e8re alg\u00e9rien des Affaires religieuses et des Wakfs dans les mosqu\u00e9es de France affili\u00e9es \u00e0 la F\u00e9d\u00e9ration nationale de la Grande mosqu\u00e9e de Paris (FGMP), conform\u00e9ment \u00e0 la convention de coop\u00e9ration sign\u00e9e entre l\u2019Alg\u00e9rie et la France. Une c\u00e9r\u00e9monie d\u2019accueil s\u2019est d\u00e9roul\u00e9e, mardi dernier, \u00e0 la Grande Mosqu\u00e9e de Paris, a-t-on indiqu\u00e9, en pr\u00e9sence des cadres et de professeurs de l\u2019Universit\u00e9 Paris 1\u2008Panth\u00e9on-Sorbonne charg\u00e9s des modules de formation des imams conform\u00e9ment au protocole d\u2019accord sign\u00e9 r\u00e9cemment entre les deux institutions. En d\u00e9but d&rsquo;avril, la Grande mosqu\u00e9e de Paris a sign\u00e9 un protocole d\u2019accord avec l\u2019universit\u00e9 Paris 1 Panth\u00e9on-Sorbonne pour la formation des imams. Apr\u00e8s une premi\u00e8re exp\u00e9rience en 2017, pour des cours de fran\u00e7ais langue \u00e9trang\u00e8re (FLE), dispens\u00e9s aux imams, ce nouveau partenariat, qualifi\u00e9 de \u00abplus ambitieux\u00bb devra en principe concerner jusqu\u2019\u00e0 120 imams dans toute la France. Cet accord a \u00e9t\u00e9 conclu entre les deux institutions en vue de compl\u00e9ter la connaissance en langue fran\u00e7aise et une meilleure approche de la la\u00efcit\u00e9 pour les nouveaux imams.<br \/>Les imams suivront un programme \u00e9labor\u00e9 par les professeurs de l\u2019universit\u00e9 sur les th\u00e9matiques qui sont le FLE, la connaissance des religions, la la\u00efcit\u00e9, le droit et la religion. Les 49 nouveaux imams ont, apr\u00e8s un test en langue fran\u00e7aise, suivi deux jours de formation \u00e0 l\u2019Universit\u00e9 Paris 1 Panth\u00e9on-Sorbonne, a-t-on indiqu\u00e9, pr\u00e9cisant que pour les autres imams d\u00e9tach\u00e9s d\u00e9j\u00e0 en poste, un planning de cours sera \u00e9tabli avec l\u2019Universit\u00e9. Les imams de la Grande Mosqu\u00e9e de Paris et les \u00e9tudiants aum\u00f4niers et aum\u00f4ni\u00e8res de son institut de th\u00e9ologie poursuivent chaque ann\u00e9e une formation de dipl\u00f4me universitaire (DU) \u00abLa\u00efcit\u00e9\u00bb \u00e0 l\u2019Universit\u00e9 Paris 1 Panth\u00e9on-Sorbonne. Pour les autres imams en poste dans les r\u00e9gions, ils poursuivent cette formation la\u00efcit\u00e9 dans l\u2019une des 25 universit\u00e9s qui le dispensent.<br \/>Le 6 avril, rappelle-t-on, le ministre des Affaires religieuses et des Wakfs, Youcef Belmahdi, avait appel\u00e9 les 49 imams \u00e0 se conformer aux principes de l&rsquo;islam pr\u00f4nant le respect, la justice, la sagesse dans leur rapport \u00e0 la soci\u00e9t\u00e9 du pays h\u00f4te, la France et \u00e0 la repr\u00e9sentation exemplaire de l&rsquo;Alg\u00e9rie, conform\u00e9ment \u00e0 la convention de coop\u00e9ration sign\u00e9e entre l&rsquo;Alg\u00e9rie et la France en la mati\u00e8re.<\/p>\n<p>Auteur: elmoudjahid<br \/>\n<a href=\"http:\/\/www.elmoudjahid.com\/fr\/actualites\/136041\">Cliquez ici pour lire l&rsquo;article depuis sa source.<\/a><\/p>\n","protected":false},"excerpt":{"rendered":"<p>49 imams francophones alg\u00e9riens ont \u00e9t\u00e9 accueillis, cette semaine, par la Grande mosqu\u00e9e de Paris, a-t-on appris hier aupr\u00e8s de cette institution du culte musulman de France. Ces imams francophones sont d\u00e9tach\u00e9s pour quatre ann\u00e9es par le minist\u00e8re alg\u00e9rien des Affaires religieuses et des Wakfs dans les mosqu\u00e9es de France affili\u00e9es \u00e0 la F\u00e9d\u00e9ration nationale [&hellip;]<\/p>\n","protected":false},"author":1744,"featured_media":0,"comment_status":"closed","ping_status":"closed","sticky":false,"template":"","format":"standard","meta":{"fifu_image_url":"","fifu_image_alt":"","footnotes":""},"categories":[73,53],"tags":[],"class_list":["post-29135","post","type-post","status-publish","format-standard","hentry","category-actualite","category-algerie"],"_links":{"self":[{"href":"https:\/\/linitiative.ca\/International\/wp-json\/wp\/v2\/posts\/29135","targetHints":{"allow":["GET"]}}],"collection":[{"href":"https:\/\/linitiative.ca\/International\/wp-json\/wp\/v2\/posts"}],"about":[{"href":"https:\/\/linitiative.ca\/International\/wp-json\/wp\/v2\/types\/post"}],"author":[{"embeddable":true,"href":"https:\/\/linitiative.ca\/International\/wp-json\/wp\/v2\/users\/1744"}],"replies":[{"embeddable":true,"href":"https:\/\/linitiative.ca\/International\/wp-json\/wp\/v2\/comments?post=29135"}],"version-history":[{"count":0,"href":"https:\/\/linitiative.ca\/International\/wp-json\/wp\/v2\/posts\/29135\/revisions"}],"wp:attachment":[{"href":"https:\/\/linitiative.ca\/International\/wp-json\/wp\/v2\/media?parent=29135"}],"wp:term":[{"taxonomy":"category","embeddable":true,"href":"https:\/\/linitiative.ca\/International\/wp-json\/wp\/v2\/categories?post=29135"},{"taxonomy":"post_tag","embeddable":true,"href":"https:\/\/linitiative.ca\/International\/wp-json\/wp\/v2\/tags?post=29135"}],"curies":[{"name":"wp","href":"https:\/\/api.w.org\/{rel}","templated":true}]}}