{"id":29138,"date":"2019-04-20T19:00:00","date_gmt":"2019-04-20T23:00:00","guid":{"rendered":"https:\/\/linitiative.ca\/International\/autorisation-de-delegation-de-signature-des-membres-du-gouvernement-un-decret-executif-publie-au-jo\/"},"modified":"2019-04-20T19:00:00","modified_gmt":"2019-04-20T23:00:00","slug":"autorisation-de-delegation-de-signature-des-membres-du-gouvernement-un-decret-executif-publie-au-jo","status":"publish","type":"post","link":"https:\/\/linitiative.ca\/International\/autorisation-de-delegation-de-signature-des-membres-du-gouvernement-un-decret-executif-publie-au-jo\/","title":{"rendered":"Autorisation de d\u00e9l\u00e9gation de signature des membres du gouvernement : Un d\u00e9cret ex\u00e9cutif publi\u00e9 au JO"},"content":{"rendered":"<p>Un d\u00e9cret ex\u00e9cutif autorisant les membres du gouvernement \u00e0 d\u00e9l\u00e9guer leur signature vient d&rsquo;\u00eatre publi\u00e9 dans le dernier num\u00e9ro du Journal Officiel.\u00a0 Ainsi, les membres du gouvernement \u00abpeuvent, par arr\u00eat\u00e9, donner d\u00e9l\u00e9gation aux fonctionnaires de leur administration centrale exer\u00e7ant, au moins, les fonctions de directeur, \u00e0 l&rsquo;effet de signer tous actes individuels et r\u00e9glementaires\u00bb, pr\u00e9cise la m\u00eame source. Ils \u00abpeuvent, en la m\u00eame forme, donner d\u00e9l\u00e9gation aux fonctionnaires de leur administration centrale exer\u00e7ant, au moins, les fonctions de sous-directeur, \u00e0 l&rsquo;effet de signer les ordonnances de paiement, de virement et de d\u00e9l\u00e9gation de cr\u00e9dits, les lettres d&rsquo;avis d&rsquo;ordonnances, les pi\u00e8ces justificatives de d\u00e9penses et les ordres de recettes, ainsi que les d\u00e9cisions entrant dans le cadre des attributions organiques des sous-directions qui leur sont r\u00e9guli\u00e8rement confi\u00e9es, \u00e0 l&rsquo;exclusion des d\u00e9cisions prises sous forme d&rsquo;arr\u00eat\u00e9\u00bb. Le d\u00e9cret \u00e9nonce que l&rsquo;arr\u00eat\u00e9 de d\u00e9l\u00e9gation \u00abdoit d\u00e9signer nomm\u00e9ment le titulaire de la d\u00e9l\u00e9gation. Il \u00e9num\u00e8re les mati\u00e8res qui en font l&rsquo;objet sans que celles-ci ne puissent exc\u00e9der les limites des attributions confi\u00e9es au titulaire de la d\u00e9l\u00e9gation\u00bb. La d\u00e9l\u00e9gation \u00abprend, automatiquement, fin en m\u00eame temps que prennent fin les pouvoirs du d\u00e9l\u00e9gateur ou les fonctions du d\u00e9l\u00e9gataire\u00bb, souligne la m\u00eame source.<br \/>\u00a0<\/p>\n<p>Auteur: elmoudjahid<br \/>\n<a href=\"http:\/\/www.elmoudjahid.com\/fr\/actualites\/136044\">Cliquez ici pour lire l&rsquo;article depuis sa source.<\/a><\/p>\n","protected":false},"excerpt":{"rendered":"<p>Un d\u00e9cret ex\u00e9cutif autorisant les membres du gouvernement \u00e0 d\u00e9l\u00e9guer leur signature vient d&rsquo;\u00eatre publi\u00e9 dans le dernier num\u00e9ro du Journal Officiel.\u00a0 Ainsi, les membres du gouvernement \u00abpeuvent, par arr\u00eat\u00e9, donner d\u00e9l\u00e9gation aux fonctionnaires de leur administration centrale exer\u00e7ant, au moins, les fonctions de directeur, \u00e0 l&rsquo;effet de signer tous actes individuels et r\u00e9glementaires\u00bb, pr\u00e9cise [&hellip;]<\/p>\n","protected":false},"author":1744,"featured_media":0,"comment_status":"closed","ping_status":"closed","sticky":false,"template":"","format":"standard","meta":{"fifu_image_url":"","fifu_image_alt":"","footnotes":""},"categories":[73,53],"tags":[],"class_list":["post-29138","post","type-post","status-publish","format-standard","hentry","category-actualite","category-algerie"],"_links":{"self":[{"href":"https:\/\/linitiative.ca\/International\/wp-json\/wp\/v2\/posts\/29138","targetHints":{"allow":["GET"]}}],"collection":[{"href":"https:\/\/linitiative.ca\/International\/wp-json\/wp\/v2\/posts"}],"about":[{"href":"https:\/\/linitiative.ca\/International\/wp-json\/wp\/v2\/types\/post"}],"author":[{"embeddable":true,"href":"https:\/\/linitiative.ca\/International\/wp-json\/wp\/v2\/users\/1744"}],"replies":[{"embeddable":true,"href":"https:\/\/linitiative.ca\/International\/wp-json\/wp\/v2\/comments?post=29138"}],"version-history":[{"count":0,"href":"https:\/\/linitiative.ca\/International\/wp-json\/wp\/v2\/posts\/29138\/revisions"}],"wp:attachment":[{"href":"https:\/\/linitiative.ca\/International\/wp-json\/wp\/v2\/media?parent=29138"}],"wp:term":[{"taxonomy":"category","embeddable":true,"href":"https:\/\/linitiative.ca\/International\/wp-json\/wp\/v2\/categories?post=29138"},{"taxonomy":"post_tag","embeddable":true,"href":"https:\/\/linitiative.ca\/International\/wp-json\/wp\/v2\/tags?post=29138"}],"curies":[{"name":"wp","href":"https:\/\/api.w.org\/{rel}","templated":true}]}}