{"id":29139,"date":"2019-04-20T19:00:00","date_gmt":"2019-04-20T23:00:00","guid":{"rendered":"https:\/\/linitiative.ca\/International\/douanes-et-banque-dalgerie-mm-ouaret-et-hiouani-nommes-par-interim\/"},"modified":"2019-04-20T19:00:00","modified_gmt":"2019-04-20T23:00:00","slug":"douanes-et-banque-dalgerie-mm-ouaret-et-hiouani-nommes-par-interim","status":"publish","type":"post","link":"https:\/\/linitiative.ca\/International\/douanes-et-banque-dalgerie-mm-ouaret-et-hiouani-nommes-par-interim\/","title":{"rendered":"Douanes et Banque d&rsquo;Alg\u00e9rie  : MM. Ouaret et Hiouani nomm\u00e9s par int\u00e9rim"},"content":{"rendered":"<p>MM. Mohammed Ouaret et Ammar Hiouani ont \u00e9t\u00e9 nomm\u00e9s hier, respectivement directeur g\u00e9n\u00e9ral des Douanes et Gouverneur de la Banque d&rsquo;Alg\u00e9rie par int\u00e9rim, indique un communiqu\u00e9 de la Pr\u00e9sidence de la R\u00e9publique.\u00a0 \u00ab\u00a0Le Chef de l&rsquo;Etat, Abdelkader Bensalah, a d\u00e9cid\u00e9 la nomination de M. Mohammed Ouaret \u00e0 la fonction de directeur g\u00e9n\u00e9ral des Douanes en remplacement de M. Farouk Bahamed dont la fin de fonction est prononc\u00e9e\u00a0\u00bb, pr\u00e9cise le communiqu\u00e9.\u00a0 Le chef de l&rsquo;Etat a \u00e9galement \u00ab\u00a0charg\u00e9, hier, M. Ammar Hiouani, vice-Gouverneur, de l&rsquo;int\u00e9rim du Gouverneur de la Banque d&rsquo;Alg\u00e9rie\u00a0\u00bb, ajoute la m\u00eame source.<\/p>\n<p>Auteur: elmoudjahid<br \/>\n<a href=\"http:\/\/www.elmoudjahid.com\/fr\/actualites\/136045\">Cliquez ici pour lire l&rsquo;article depuis sa source.<\/a><\/p>\n","protected":false},"excerpt":{"rendered":"<p>MM. Mohammed Ouaret et Ammar Hiouani ont \u00e9t\u00e9 nomm\u00e9s hier, respectivement directeur g\u00e9n\u00e9ral des Douanes et Gouverneur de la Banque d&rsquo;Alg\u00e9rie par int\u00e9rim, indique un communiqu\u00e9 de la Pr\u00e9sidence de la R\u00e9publique.\u00a0 \u00ab\u00a0Le Chef de l&rsquo;Etat, Abdelkader Bensalah, a d\u00e9cid\u00e9 la nomination de M. Mohammed Ouaret \u00e0 la fonction de directeur g\u00e9n\u00e9ral des Douanes en [&hellip;]<\/p>\n","protected":false},"author":1744,"featured_media":0,"comment_status":"closed","ping_status":"closed","sticky":false,"template":"","format":"standard","meta":{"fifu_image_url":"","fifu_image_alt":"","footnotes":""},"categories":[73,53],"tags":[],"class_list":["post-29139","post","type-post","status-publish","format-standard","hentry","category-actualite","category-algerie"],"_links":{"self":[{"href":"https:\/\/linitiative.ca\/International\/wp-json\/wp\/v2\/posts\/29139","targetHints":{"allow":["GET"]}}],"collection":[{"href":"https:\/\/linitiative.ca\/International\/wp-json\/wp\/v2\/posts"}],"about":[{"href":"https:\/\/linitiative.ca\/International\/wp-json\/wp\/v2\/types\/post"}],"author":[{"embeddable":true,"href":"https:\/\/linitiative.ca\/International\/wp-json\/wp\/v2\/users\/1744"}],"replies":[{"embeddable":true,"href":"https:\/\/linitiative.ca\/International\/wp-json\/wp\/v2\/comments?post=29139"}],"version-history":[{"count":0,"href":"https:\/\/linitiative.ca\/International\/wp-json\/wp\/v2\/posts\/29139\/revisions"}],"wp:attachment":[{"href":"https:\/\/linitiative.ca\/International\/wp-json\/wp\/v2\/media?parent=29139"}],"wp:term":[{"taxonomy":"category","embeddable":true,"href":"https:\/\/linitiative.ca\/International\/wp-json\/wp\/v2\/categories?post=29139"},{"taxonomy":"post_tag","embeddable":true,"href":"https:\/\/linitiative.ca\/International\/wp-json\/wp\/v2\/tags?post=29139"}],"curies":[{"name":"wp","href":"https:\/\/api.w.org\/{rel}","templated":true}]}}