{"id":29141,"date":"2019-04-20T19:00:00","date_gmt":"2019-04-20T23:00:00","guid":{"rendered":"https:\/\/linitiative.ca\/International\/athletisme-championnats-dafrique-u18-et-u20-zadi-pour-un-coup-dessai-ce-fut-un-coup-de-maitre\/"},"modified":"2019-04-20T19:00:00","modified_gmt":"2019-04-20T23:00:00","slug":"athletisme-championnats-dafrique-u18-et-u20-zadi-pour-un-coup-dessai-ce-fut-un-coup-de-maitre","status":"publish","type":"post","link":"https:\/\/linitiative.ca\/International\/athletisme-championnats-dafrique-u18-et-u20-zadi-pour-un-coup-dessai-ce-fut-un-coup-de-maitre\/","title":{"rendered":"Athl\u00e9tisme : Championnats d\u2019Afrique U18 et U20 : Zadi, pour un coup    d\u2019essai, ce fut un coup  de ma\u00eetre"},"content":{"rendered":"<p>L&rsquo;Alg\u00e9rien Mohamed Abderrahmane Zadi, sp\u00e9cialiste du 110m\/haies qui s&rsquo;est essay\u00e9 pour la premi\u00e8re fois au d\u00e9cathlon lors des Championnats d&rsquo;Afrique des moins de 18 ans et des moins de 20 ans actuellement en cours \u00e0 Abidjan (C\u00f4te d&rsquo;Ivoire) a d\u00e9jou\u00e9 tous les\u00a0\u00a0 pronostics en remportant la m\u00e9daille d&rsquo;or. \u00ab\u00a0Zadi est beaucoup plus sp\u00e9cialis\u00e9 dans le 110m\/haies chez les moins de 20\u00a0\u00a0 ans. Lorsqu&rsquo;il m&rsquo;a propos\u00e9 de s&rsquo;essayer au d\u00e9cathlon lors de ces Championnats d&rsquo;Afrique, je n&rsquo;ai pas \u00e9t\u00e9 contre, car j&rsquo;\u00e9tais convaincu de sa capacit\u00e9 \u00e0 monter sur le podium. Finalement, il a fait beaucoup mieux en remportant la m\u00e9daille d&rsquo;or. Donc, chapeau-bas !\u00a0\u00bb a indiqu\u00e9 l&rsquo;entra\u00eeneur\u00a0\u00a0 Salim Guemmoura, agr\u00e9ablement surpris par la performance de son prot\u00e9g\u00e9. Le sacre de Zadi a \u00e9t\u00e9 loin d&rsquo;\u00eatre facile, surtout qu&rsquo;outre son statut de novice dans cette discipline, certains pays comme l&rsquo;Egypte et l&rsquo;Afrique du\u00a0\u00a0 Sud lui ont impos\u00e9 une rude concurrence, de la premi\u00e8re \u00e0 la derni\u00e8re\u00a0\u00a0 journ\u00e9e de comp\u00e9tition. Mais sa volont\u00e9 et son abn\u00e9gation lui ont permis de\u00a0\u00a0 sortir vainqueur avec un total de 6373 points, et d&rsquo;offrir ainsi \u00e0\u00a0\u00a0 l&rsquo;Alg\u00e9rie sa premi\u00e8re m\u00e9daille d&rsquo;or dans cette comp\u00e9tition.\u00a0 Une performance bonifi\u00e9e par une autre breloque en m\u00e9tal pr\u00e9cieux, d\u00e9croch\u00e9e par Abdenour Ameur sur le 10.000m marche des U18 (Gar\u00e7ons), ainsi\u00a0\u00a0 que trois m\u00e9dailles d&rsquo;argent, \u0153uvre d&rsquo;Abdelmalek Benziada (Lancer de\u00a0\u00a0 marteau \/U18 Gar\u00e7ons), Rahil Hamel (100m haies \/ U18 Filles) et Billel Afer (saut en hauteur \/ U20 Gar\u00e7ons). L&rsquo;Alg\u00e9rie a engag\u00e9 un total de 30 athl\u00e8tes dans cette comp\u00e9tition qui s\u2019est d\u00e9roul\u00e9 du 16 au 20 avril dans la capitale ivoirienne Abidjan, et qui a enregistr\u00e9 la participation de 36 pays. Les s\u00e9lections nationales U18 et U20 sont encadr\u00e9es par Tarik Kessa\u00ef, directeur des jeunes talents sportifs au niveau de la F\u00e9d\u00e9ration alg\u00e9rienne d&rsquo;athl\u00e9tisme (DJTS\/FAA).<br \/>\u00a0<\/p>\n<p>Auteur: elmoudjahid<br \/>\n<a href=\"http:\/\/www.elmoudjahid.com\/fr\/actualites\/136047\">Cliquez ici pour lire l&rsquo;article depuis sa source.<\/a><\/p>\n","protected":false},"excerpt":{"rendered":"<p>L&rsquo;Alg\u00e9rien Mohamed Abderrahmane Zadi, sp\u00e9cialiste du 110m\/haies qui s&rsquo;est essay\u00e9 pour la premi\u00e8re fois au d\u00e9cathlon lors des Championnats d&rsquo;Afrique des moins de 18 ans et des moins de 20 ans actuellement en cours \u00e0 Abidjan (C\u00f4te d&rsquo;Ivoire) a d\u00e9jou\u00e9 tous les\u00a0\u00a0 pronostics en remportant la m\u00e9daille d&rsquo;or. \u00ab\u00a0Zadi est beaucoup plus sp\u00e9cialis\u00e9 dans le [&hellip;]<\/p>\n","protected":false},"author":1744,"featured_media":0,"comment_status":"closed","ping_status":"closed","sticky":false,"template":"","format":"standard","meta":{"fifu_image_url":"","fifu_image_alt":"","footnotes":""},"categories":[73,53],"tags":[],"class_list":["post-29141","post","type-post","status-publish","format-standard","hentry","category-actualite","category-algerie"],"_links":{"self":[{"href":"https:\/\/linitiative.ca\/International\/wp-json\/wp\/v2\/posts\/29141","targetHints":{"allow":["GET"]}}],"collection":[{"href":"https:\/\/linitiative.ca\/International\/wp-json\/wp\/v2\/posts"}],"about":[{"href":"https:\/\/linitiative.ca\/International\/wp-json\/wp\/v2\/types\/post"}],"author":[{"embeddable":true,"href":"https:\/\/linitiative.ca\/International\/wp-json\/wp\/v2\/users\/1744"}],"replies":[{"embeddable":true,"href":"https:\/\/linitiative.ca\/International\/wp-json\/wp\/v2\/comments?post=29141"}],"version-history":[{"count":0,"href":"https:\/\/linitiative.ca\/International\/wp-json\/wp\/v2\/posts\/29141\/revisions"}],"wp:attachment":[{"href":"https:\/\/linitiative.ca\/International\/wp-json\/wp\/v2\/media?parent=29141"}],"wp:term":[{"taxonomy":"category","embeddable":true,"href":"https:\/\/linitiative.ca\/International\/wp-json\/wp\/v2\/categories?post=29141"},{"taxonomy":"post_tag","embeddable":true,"href":"https:\/\/linitiative.ca\/International\/wp-json\/wp\/v2\/tags?post=29141"}],"curies":[{"name":"wp","href":"https:\/\/api.w.org\/{rel}","templated":true}]}}