{"id":29151,"date":"2019-04-21T14:03:00","date_gmt":"2019-04-21T18:03:00","guid":{"rendered":"https:\/\/linitiative.ca\/International\/consultations-politiques-amara-benyounes-premier-deserteur\/"},"modified":"2019-04-21T14:03:00","modified_gmt":"2019-04-21T18:03:00","slug":"consultations-politiques-amara-benyounes-premier-deserteur","status":"publish","type":"post","link":"https:\/\/linitiative.ca\/International\/consultations-politiques-amara-benyounes-premier-deserteur\/","title":{"rendered":"CONSULTATIONS POLITIQUES : Amara Benyounes, premier \u2018\u2019d\u00e9serteur\u2019\u2019"},"content":{"rendered":"<p><br id=\"sep_para_1\" class=\"sep_para access\"\/><\/p>\n<div id=\"para_1\" class=\"para_30526287 resize\">\n<div class=\"texte access firstletter\">Ainsi, le MPA d\u2019Amara Benyounes, est le premier parti de l\u2019ex-alliance pr\u00e9sidentielle \u00e0 rejeter l\u2019offre de Bensalah. En effet, dans un communiqu\u00e9 publi\u00e9 aujourd\u2019hui, le MPA a indiqu\u00e9 qu&rsquo; \u00bben date du 20 avril, le MPA a re\u00e7u une invitation de la Pr\u00e9sidence de la R\u00e9publique pour une r\u00e9union le 22 avril en vue d\u2019une concertation sur l\u2019\u00e9lection pr\u00e9sidentielle pr\u00e9vue le 04 juillet 2019. \u00bb \u00ab Le MPA consid\u00e8re d\u2019une part ,que le climat g\u00e9n\u00e9ral n\u2019est pas favorable \u00e0 la tenue d\u2019une telle \u00e9lection et d\u2019autre part , que cette \u00e9ch\u00e9ance , trop rapproch\u00e9e, ne peut r\u00e9pondre aux revendications l\u00e9gitimes du mouvement populaire \u00e0 savoir le changement du syst\u00e8me et la mise en place d\u2019une nouvelle R\u00e9publique \u00bb, lit-on dans le communiqu\u00e9. \u00ab En effet, l\u2019application de l\u2019article 102 de la constitution est une condition n\u00e9cessaire mais non suffisante pour sortir de la crise \u00bb, a estim\u00e9 le MPA qui a ajout\u00e9 que \u00ab le pays a besoin d\u2019une transition d\u00e9mocratique concert\u00e9e et apais\u00e9e. \u00bb Pour le MPA \u00ab durant cette p\u00e9riode, il faudrait pr\u00e9parer une \u00e9lection pr\u00e9sidentielle libre et transparente dans laquelle le peuple Alg\u00e9rien choisira en toute souverainet\u00e9 son prochain Pr\u00e9sident de la R\u00e9publique. \u00bb A cette fin, a expliqu\u00e9 le parti, \u00ab il s\u2019agit surtout de r\u00e9tablir la confiance entre les diff\u00e9rents acteurs en instaurant un dialogue inclusif, franc et transparent afin d\u2019impliquer l\u2019ensemble des forces vives de la nation dans la gestion de cette p\u00e9riode de transition qui se d\u00e9cline par la mise en place d\u2019une Pr\u00e9sidence coll\u00e9giale compos\u00e9e d\u2019hommes d\u2019Etat int\u00e8gres et comp\u00e9tents et d\u2019un repr\u00e9sentant de l\u2019ANP. Aussi, la nomination d\u2019un gouvernement de transition repr\u00e9sentatif de l\u2019ensemble des courants politiques.<\/div>\n<\/div>\n<p>Auteur: Ismain<br \/>\n<a href=\"https:\/\/www.reflexiondz.net\/CONSULTATIONS-POLITIQUES-Amara-Benyounes-premier-deserteur_a55490.html\">Cliquez ici pour lire l&rsquo;article depuis sa source.<\/a><\/p>\n","protected":false},"excerpt":{"rendered":"<p>Ainsi, le MPA d\u2019Amara Benyounes, est le premier parti de l\u2019ex-alliance pr\u00e9sidentielle \u00e0 rejeter l\u2019offre de Bensalah. En effet, dans un communiqu\u00e9 publi\u00e9 aujourd\u2019hui, le MPA a indiqu\u00e9 qu&rsquo; \u00bben date du 20 avril, le MPA a re\u00e7u une invitation de la Pr\u00e9sidence de la R\u00e9publique pour une r\u00e9union le 22 avril en vue d\u2019une [&hellip;]<\/p>\n","protected":false},"author":1740,"featured_media":0,"comment_status":"closed","ping_status":"closed","sticky":false,"template":"","format":"standard","meta":{"fifu_image_url":"","fifu_image_alt":"","footnotes":""},"categories":[53,76],"tags":[],"class_list":["post-29151","post","type-post","status-publish","format-standard","hentry","category-algerie","category-regions"],"_links":{"self":[{"href":"https:\/\/linitiative.ca\/International\/wp-json\/wp\/v2\/posts\/29151","targetHints":{"allow":["GET"]}}],"collection":[{"href":"https:\/\/linitiative.ca\/International\/wp-json\/wp\/v2\/posts"}],"about":[{"href":"https:\/\/linitiative.ca\/International\/wp-json\/wp\/v2\/types\/post"}],"author":[{"embeddable":true,"href":"https:\/\/linitiative.ca\/International\/wp-json\/wp\/v2\/users\/1740"}],"replies":[{"embeddable":true,"href":"https:\/\/linitiative.ca\/International\/wp-json\/wp\/v2\/comments?post=29151"}],"version-history":[{"count":0,"href":"https:\/\/linitiative.ca\/International\/wp-json\/wp\/v2\/posts\/29151\/revisions"}],"wp:attachment":[{"href":"https:\/\/linitiative.ca\/International\/wp-json\/wp\/v2\/media?parent=29151"}],"wp:term":[{"taxonomy":"category","embeddable":true,"href":"https:\/\/linitiative.ca\/International\/wp-json\/wp\/v2\/categories?post=29151"},{"taxonomy":"post_tag","embeddable":true,"href":"https:\/\/linitiative.ca\/International\/wp-json\/wp\/v2\/tags?post=29151"}],"curies":[{"name":"wp","href":"https:\/\/api.w.org\/{rel}","templated":true}]}}