{"id":29152,"date":"2019-04-21T14:03:00","date_gmt":"2019-04-21T18:03:00","guid":{"rendered":"https:\/\/linitiative.ca\/International\/presidentielle-du-4-juillet-24-lettres-dintention-a-la-candidature-deposees\/"},"modified":"2019-04-21T14:03:00","modified_gmt":"2019-04-21T18:03:00","slug":"presidentielle-du-4-juillet-24-lettres-dintention-a-la-candidature-deposees","status":"publish","type":"post","link":"https:\/\/linitiative.ca\/International\/presidentielle-du-4-juillet-24-lettres-dintention-a-la-candidature-deposees\/","title":{"rendered":"PRESIDENTIELLE DU 4 JUILLET : 24 lettres d\u2019intention \u00e0  la candidature d\u00e9pos\u00e9es"},"content":{"rendered":"<p><br id=\"sep_para_1\" class=\"sep_para access\"\/><\/p>\n<div id=\"para_1\" class=\"para_30526285 resize\">\n<div class=\"texte access firstletter\">Le bilan provisoire de la remise des formulaires de souscription de signatures individuelles pour les postulants \u00e0 la candidature \u00e0 l\u2019\u00e9lection pr\u00e9sidentielle du 4 juillet prochain, s\u2019\u00e9l\u00e8ve \u00e0 24 lettres d\u2019intention d\u00e9pos\u00e9es au minist\u00e8re de l\u2019Int\u00e9rieur, des Collectivit\u00e9s locales et de l\u2019Am\u00e9nagement du territoire. Le minist\u00e8re de l\u2019Int\u00e9rieur a indiqu\u00e9 dans un communiqu\u00e9 rendu public ce samedi que \u00ab suite \u00e0 la convocation du corps \u00e9lectoral pour le jeudi 4 juillet 2019, le bilan provisoire de la remise des formulaires de souscription de signatures individuelles pour les postulants \u00e0 la candidature \u00e0 l\u2019\u00e9lection de la Pr\u00e9sidence de la R\u00e9publique, arr\u00eat\u00e9 le 18 avril 2019, s\u2019\u00e9l\u00e8ve \u00e0 24 lettres d\u2019intention d\u00e9pos\u00e9es \u00bb. La m\u00eame source pr\u00e9cise, en outre, que les concern\u00e9s \u00ab ont pu b\u00e9n\u00e9ficier de quotas de formulaires de souscription, en application des dispositions l\u00e9gales en vigueur \u00bb, ajoutant que l\u2019op\u00e9ration \u00ab se d\u00e9roule dans de bonnes conditions \u00bb.<\/div>\n<\/div>\n<p>Auteur: Ismain<br \/>\n<a href=\"https:\/\/www.reflexiondz.net\/PRESIDENTIELLE-DU-4-JUILLET-24-lettres-d-intention-a-la-candidature-deposees_a55489.html\">Cliquez ici pour lire l&rsquo;article depuis sa source.<\/a><\/p>\n","protected":false},"excerpt":{"rendered":"<p>Le bilan provisoire de la remise des formulaires de souscription de signatures individuelles pour les postulants \u00e0 la candidature \u00e0 l\u2019\u00e9lection pr\u00e9sidentielle du 4 juillet prochain, s\u2019\u00e9l\u00e8ve \u00e0 24 lettres d\u2019intention d\u00e9pos\u00e9es au minist\u00e8re de l\u2019Int\u00e9rieur, des Collectivit\u00e9s locales et de l\u2019Am\u00e9nagement du territoire. Le minist\u00e8re de l\u2019Int\u00e9rieur a indiqu\u00e9 dans un communiqu\u00e9 rendu public [&hellip;]<\/p>\n","protected":false},"author":1740,"featured_media":0,"comment_status":"closed","ping_status":"closed","sticky":false,"template":"","format":"standard","meta":{"fifu_image_url":"","fifu_image_alt":"","footnotes":""},"categories":[53,76],"tags":[],"class_list":["post-29152","post","type-post","status-publish","format-standard","hentry","category-algerie","category-regions"],"_links":{"self":[{"href":"https:\/\/linitiative.ca\/International\/wp-json\/wp\/v2\/posts\/29152","targetHints":{"allow":["GET"]}}],"collection":[{"href":"https:\/\/linitiative.ca\/International\/wp-json\/wp\/v2\/posts"}],"about":[{"href":"https:\/\/linitiative.ca\/International\/wp-json\/wp\/v2\/types\/post"}],"author":[{"embeddable":true,"href":"https:\/\/linitiative.ca\/International\/wp-json\/wp\/v2\/users\/1740"}],"replies":[{"embeddable":true,"href":"https:\/\/linitiative.ca\/International\/wp-json\/wp\/v2\/comments?post=29152"}],"version-history":[{"count":0,"href":"https:\/\/linitiative.ca\/International\/wp-json\/wp\/v2\/posts\/29152\/revisions"}],"wp:attachment":[{"href":"https:\/\/linitiative.ca\/International\/wp-json\/wp\/v2\/media?parent=29152"}],"wp:term":[{"taxonomy":"category","embeddable":true,"href":"https:\/\/linitiative.ca\/International\/wp-json\/wp\/v2\/categories?post=29152"},{"taxonomy":"post_tag","embeddable":true,"href":"https:\/\/linitiative.ca\/International\/wp-json\/wp\/v2\/tags?post=29152"}],"curies":[{"name":"wp","href":"https:\/\/api.w.org\/{rel}","templated":true}]}}