{"id":29153,"date":"2019-04-21T14:03:00","date_gmt":"2019-04-21T18:03:00","guid":{"rendered":"https:\/\/linitiative.ca\/International\/aeroport-dalger-le-nouveau-terminal-mis-en-service-lundi-prochain\/"},"modified":"2019-04-21T14:03:00","modified_gmt":"2019-04-21T18:03:00","slug":"aeroport-dalger-le-nouveau-terminal-mis-en-service-lundi-prochain","status":"publish","type":"post","link":"https:\/\/linitiative.ca\/International\/aeroport-dalger-le-nouveau-terminal-mis-en-service-lundi-prochain\/","title":{"rendered":"AEROPORT D\u2019ALGER : Le nouveau terminal mis  en service lundi prochain"},"content":{"rendered":"<p><br id=\"sep_para_1\" class=\"sep_para access\"\/><\/p>\n<div id=\"para_1\" class=\"para_30526273 resize\">\n<div class=\"texte access firstletter\">La nouvelle a\u00e9rogare de l\u2019a\u00e9roport international d\u2019Alger sera mise en service au plus tard lundi 29 avril, a indiqu\u00e9 \u00e0 TSA Tahar Allache PDG de l\u2019Entreprise de gestion des services a\u00e9roportuaires (EGSIA), ce dimanche 21 avril. \u00ab J\u2019ai re\u00e7u l\u2019accord de principe pour ouvrir l\u2019a\u00e9rogare aux passagers \u00e0 partir de dimanche ou au plus tard lundi prochain de la semaine prochaine \u00bb, affirme M. Allache. La mise en service de la nouvelle a\u00e9rogare, ultramoderne, se\u00a0 fera par \u00e9tapes. \u00ab Nous allons commencer d\u2019abord par Air Alg\u00e9rie et les vols en direction de Paris. Ensuite, nous allons transf\u00e9rer les autres compagnies et les autres vols \u00bb, d\u00e9taille le patron de l\u2019EGSIA. Pour mettre le plan de l\u2019entr\u00e9e en service de la nouvelle a\u00e9rogare internationale d\u2019Alger, une r\u00e9union est pr\u00e9vue ce dimanche entre l\u2019EGSIA et Air Alg\u00e9rie. \u00ab Nous voulons conna\u00eetre le d\u00e9lai dont a besoin Air Alg\u00e9rie pour informer ses passagers sur le transfert des vols vers Paris. De ce d\u00e9lai d\u00e9pendra la mise en service de l\u2019a\u00e9rogare qui se fera dimanche ou lundi 29 avril \u00bb, pr\u00e9cise M. Allache.<\/div>\n<\/div>\n<p>Auteur: Ismain<br \/>\n<a href=\"https:\/\/www.reflexiondz.net\/AEROPORT-D-ALGER-Le-nouveau-terminal-mis-en-service-lundi-prochain_a55487.html\">Cliquez ici pour lire l&rsquo;article depuis sa source.<\/a><\/p>\n","protected":false},"excerpt":{"rendered":"<p>La nouvelle a\u00e9rogare de l\u2019a\u00e9roport international d\u2019Alger sera mise en service au plus tard lundi 29 avril, a indiqu\u00e9 \u00e0 TSA Tahar Allache PDG de l\u2019Entreprise de gestion des services a\u00e9roportuaires (EGSIA), ce dimanche 21 avril. \u00ab J\u2019ai re\u00e7u l\u2019accord de principe pour ouvrir l\u2019a\u00e9rogare aux passagers \u00e0 partir de dimanche ou au plus tard [&hellip;]<\/p>\n","protected":false},"author":1740,"featured_media":0,"comment_status":"closed","ping_status":"closed","sticky":false,"template":"","format":"standard","meta":{"fifu_image_url":"","fifu_image_alt":"","footnotes":""},"categories":[53,76],"tags":[],"class_list":["post-29153","post","type-post","status-publish","format-standard","hentry","category-algerie","category-regions"],"_links":{"self":[{"href":"https:\/\/linitiative.ca\/International\/wp-json\/wp\/v2\/posts\/29153","targetHints":{"allow":["GET"]}}],"collection":[{"href":"https:\/\/linitiative.ca\/International\/wp-json\/wp\/v2\/posts"}],"about":[{"href":"https:\/\/linitiative.ca\/International\/wp-json\/wp\/v2\/types\/post"}],"author":[{"embeddable":true,"href":"https:\/\/linitiative.ca\/International\/wp-json\/wp\/v2\/users\/1740"}],"replies":[{"embeddable":true,"href":"https:\/\/linitiative.ca\/International\/wp-json\/wp\/v2\/comments?post=29153"}],"version-history":[{"count":0,"href":"https:\/\/linitiative.ca\/International\/wp-json\/wp\/v2\/posts\/29153\/revisions"}],"wp:attachment":[{"href":"https:\/\/linitiative.ca\/International\/wp-json\/wp\/v2\/media?parent=29153"}],"wp:term":[{"taxonomy":"category","embeddable":true,"href":"https:\/\/linitiative.ca\/International\/wp-json\/wp\/v2\/categories?post=29153"},{"taxonomy":"post_tag","embeddable":true,"href":"https:\/\/linitiative.ca\/International\/wp-json\/wp\/v2\/tags?post=29153"}],"curies":[{"name":"wp","href":"https:\/\/api.w.org\/{rel}","templated":true}]}}