{"id":29155,"date":"2019-04-21T14:03:00","date_gmt":"2019-04-21T18:03:00","guid":{"rendered":"https:\/\/linitiative.ca\/International\/8-milliards-de-centimes-debloques-le-projet-daep-du-chu-doran-lance\/"},"modified":"2019-04-21T14:03:00","modified_gmt":"2019-04-21T18:03:00","slug":"8-milliards-de-centimes-debloques-le-projet-daep-du-chu-doran-lance","status":"publish","type":"post","link":"https:\/\/linitiative.ca\/International\/8-milliards-de-centimes-debloques-le-projet-daep-du-chu-doran-lance\/","title":{"rendered":"8 MILLIARDS DE CENTIMES DEBLOQUES   : Le projet d\u2019AEP  du CHU d\u2019Oran lanc\u00e9"},"content":{"rendered":"<p><br id=\"sep_para_1\" class=\"sep_para access\"\/><\/p>\n<div id=\"para_1\" class=\"para_30526223 resize\">\n<div class=\"texte access firstletter\">Ainsi, les services de la wilaya d&rsquo;Oran\u00a0 viennent d&rsquo;accorder une enveloppe financi\u00e8re de 80 millions de dinars, pour le lancement des\u00a0 travaux du projet de r\u00e9novation du r\u00e9seau d\u2019AEP du CHU d\u2019Oran Dr Benzardjeb, dont l\u2019existence remonte \u00e0 la p\u00e9riode coloniale, qui souffre d\u2019une d\u00e9gradation tr\u00e8s avanc\u00e9e, sachant bien, que cet \u00e9tablissement hospitalier accueille des milliers de malades originaires de l&rsquo;ensemble des wilayas de l&rsquo;Ouest du pays. Les travaux du dit projet, doivent \u00eatre livr\u00e9s dans un d\u00e9lai de 6 mois, selon l\u2019\u00e9tude r\u00e9alis\u00e9e. Le projet pr\u00e9voit la r\u00e9novation de 7 kilom\u00e8tres lin\u00e9aires de conduites qui sera dot\u00e9 d\u2019un r\u00e9servoir d\u2019une capacit\u00e9 500 m3, \u00e0 savoir que l\u2019actuel r\u00e9servoir dispose\u00a0 d\u2019un volume de 140 m\u00e8tres cubes. Il faut savoir qu\u2019en mati\u00e8re d\u2019alimentation en eau potable, d\u2019importants efforts ont \u00e9t\u00e9 d\u00e9ploy\u00e9s pour r\u00e9pondre aux besoins de la population de la wilaya d&rsquo;Oran , parmi lesquels, la mise en service de la station du traitement du couloir du MAO \u00ab Mostaganem-Arzew-Oran \u00bb qui a mis un terme \u00e0 la souffrance des Oranais de la p\u00e9nurie en eau potable.<br \/>Ce projet a permis le\u00a0 transfert de 110 millions de m3 d&rsquo;eau par an vers Oran qui, soulignons-le, ne dispose pas suffisamment de ressources locales. La wilaya a, en outre, b\u00e9n\u00e9fici\u00e9 du projet de la STEP d\u2019El Karma qui a b\u00e9n\u00e9fici\u00e9 d\u2019une enveloppe estim\u00e9e \u00e0 7 milliards de DA, r\u00e9ceptionn\u00e9 en 2011.\u00a0 Actuellement, la wilaya dispose d\u2019une capacit\u00e9 d\u2019alimentation en AEP de 700.000 m3 alors que ses besoins sont estim\u00e9s \u00e0 500.000 m\u00e8tres cubes, soit un surplus de 200.000 m\u00e8tres cubes.<\/div>\n<\/div>\n<p>Auteur: Medjadji Habib<br \/>\n<a href=\"https:\/\/www.reflexiondz.net\/8-MILLIARDS-DE-CENTIMES-DEBLOQUES-Le-projet-d-AEP-du-CHU-d-Oran-lance_a55479.html\">Cliquez ici pour lire l&rsquo;article depuis sa source.<\/a><\/p>\n","protected":false},"excerpt":{"rendered":"<p>Ainsi, les services de la wilaya d&rsquo;Oran\u00a0 viennent d&rsquo;accorder une enveloppe financi\u00e8re de 80 millions de dinars, pour le lancement des\u00a0 travaux du projet de r\u00e9novation du r\u00e9seau d\u2019AEP du CHU d\u2019Oran Dr Benzardjeb, dont l\u2019existence remonte \u00e0 la p\u00e9riode coloniale, qui souffre d\u2019une d\u00e9gradation tr\u00e8s avanc\u00e9e, sachant bien, que cet \u00e9tablissement hospitalier accueille des [&hellip;]<\/p>\n","protected":false},"author":1740,"featured_media":0,"comment_status":"closed","ping_status":"closed","sticky":false,"template":"","format":"standard","meta":{"fifu_image_url":"","fifu_image_alt":"","footnotes":""},"categories":[53,76],"tags":[],"class_list":["post-29155","post","type-post","status-publish","format-standard","hentry","category-algerie","category-regions"],"_links":{"self":[{"href":"https:\/\/linitiative.ca\/International\/wp-json\/wp\/v2\/posts\/29155","targetHints":{"allow":["GET"]}}],"collection":[{"href":"https:\/\/linitiative.ca\/International\/wp-json\/wp\/v2\/posts"}],"about":[{"href":"https:\/\/linitiative.ca\/International\/wp-json\/wp\/v2\/types\/post"}],"author":[{"embeddable":true,"href":"https:\/\/linitiative.ca\/International\/wp-json\/wp\/v2\/users\/1740"}],"replies":[{"embeddable":true,"href":"https:\/\/linitiative.ca\/International\/wp-json\/wp\/v2\/comments?post=29155"}],"version-history":[{"count":0,"href":"https:\/\/linitiative.ca\/International\/wp-json\/wp\/v2\/posts\/29155\/revisions"}],"wp:attachment":[{"href":"https:\/\/linitiative.ca\/International\/wp-json\/wp\/v2\/media?parent=29155"}],"wp:term":[{"taxonomy":"category","embeddable":true,"href":"https:\/\/linitiative.ca\/International\/wp-json\/wp\/v2\/categories?post=29155"},{"taxonomy":"post_tag","embeddable":true,"href":"https:\/\/linitiative.ca\/International\/wp-json\/wp\/v2\/tags?post=29155"}],"curies":[{"name":"wp","href":"https:\/\/api.w.org\/{rel}","templated":true}]}}